{"id":1348,"date":"2019-03-15T11:14:43","date_gmt":"2019-03-15T14:14:43","guid":{"rendered":"http:\/\/sistemafaepa.com.br\/faepa\/2019\/03\/15\/com-86-88-dos-votos-carlos-xavier-e-reeleito-presidente-da-faepa-2\/"},"modified":"2019-03-15T11:14:43","modified_gmt":"2019-03-15T14:14:43","slug":"com-86-88-dos-votos-carlos-xavier-e-reeleito-presidente-da-faepa-2","status":"publish","type":"post","link":"https:\/\/sistemafaepa.com.br\/faepa\/com-86-88-dos-votos-carlos-xavier-e-reeleito-presidente-da-faepa-2\/","title":{"rendered":"Com 88,33% dos votos, Carlos Xavier \u00e9 reeleito presidente da Faepa"},"content":{"rendered":"<p><em>Elei\u00e7\u00e3o foi realizada nesta quarta, no pr\u00e9dio anexo ao edif\u00edcio sede da Faepa<\/em><\/p>\n<p>Carlos Xavier foi reeleito para a presid\u00eancia da Federa\u00e7\u00e3o da Agricultura e Pecu\u00e1ria do Par\u00e1 (Faepa), com sede em Bel\u00e9m, para o quadri\u00eanio 2019\/2023. Ele teve 88,33% dos votos da elei\u00e7\u00e3o realizada nesta quarta-feira (13\/3), pelos delegados dos sindicatos rurais. Com 120 votos v\u00e1lidos, a chapa eleita recebeu 106 votos.<\/p>\n<p>Confira todos os nomes que comp\u00f5em\u00a0 a nova diretoria:<\/p>\n<p><strong>Presidente<\/strong><br \/>\nCarlos Xavier<\/p>\n<p><strong>Vice-Presidentes<\/strong><br \/>\nVilson Jo\u00e3o Schuber<br \/>\nAntonio Francisco De Ara\u00fajo<br \/>\nClaudio Aparecido Zamperline J\u00fanior<br \/>\nFern\u00e3o Villela Zancanner<br \/>\nJoel Carvalho Lobato<\/p>\n<p><strong>Diretores<\/strong><br \/>\n1\u00ba Diretor Secret\u00e1rio: Alfonso Marcos Rio<br \/>\n2\u00ba Diretor Secret\u00e1rio: Jos\u00e9 Nelson De Ara\u00fajo<br \/>\n1\u00ba Diretor Financeiro: Jos\u00e9 Ribamar Rodrigues Sizo<br \/>\n2\u00ba Diretor Financeiro: Giovanni Queiroz<br \/>\nAdinor Batista Dos Santos<br \/>\nFrancisco Alberto De Castro<br \/>\nAnt\u00f4nia Lemos Gurgel<br \/>\nAnt\u00f4nio Miranda Sobrinho<br \/>\nGilberto Nascimento Brito<br \/>\nAgamenon da Silva Menezes<br \/>\nAntonio Gomes Lima<br \/>\nAntonio Henrique Gripp<br \/>\nAntonio Vieira Caetano<br \/>\nArcidio Ornela Filho<br \/>\nBenedito Luz De Souza Dutra<br \/>\nDarcy Dalberto Uliana<br \/>\nFrancisco Gomes da Silva<br \/>\nGuy Gon\u00e7alves Rangel<br \/>\nJoaquim Lira Maia<br \/>\nJosaphat Paranhos De Azevedo Neto<br \/>\nMarcia Cristina Zahluth Centeno<br \/>\nPaulo C\u00e9sar Justo Quartiero<br \/>\nRicardo Guimar\u00e3es De Queiroz<br \/>\nRonaldo Cursage Mafra<\/p>\n<p><strong>Conselho Fiscal<\/strong><br \/>\nFernando Acatauass\u00fa Nunes<br \/>\nGivaldo Gomes de Ara\u00fajo<br \/>\nGuilherme Minssen<br \/>\nDarlene Maria Pantoja Da Silva<br \/>\nJulival David Ferreira<br \/>\nValdemar Francisco Hutim<\/p>\n<p><strong>Delegados Representantes<\/strong><br \/>\nCarlos Fernandes Xavier<br \/>\nVilson Jo\u00e3o Schuber<br \/>\nGiovanni Queiroz<br \/>\nAdinor Batista Dos Santos<\/p>\n","protected":false},"excerpt":{"rendered":"<p>Elei\u00e7\u00e3o foi realizada nesta quarta, no pr\u00e9dio anexo ao edif\u00edcio sede da Faepa Carlos Xavier foi reeleito para a presid\u00eancia da Federa\u00e7\u00e3o da Agricultura e Pecu\u00e1ria do Par\u00e1 (Faepa), com sede em Bel\u00e9m, para o quadri\u00eanio 2019\/2023. Ele teve 88,33% dos votos da elei\u00e7\u00e3o realizada nesta quarta-feira (13\/3), pelos delegados dos sindicatos rurais. Com 120 [&hellip;]<\/p>\n","protected":false},"author":1,"featured_media":1339,"comment_status":"open","ping_status":"open","sticky":false,"template":"","format":"standard","meta":{"_et_pb_use_builder":"","_et_pb_old_content":"","_et_gb_content_width":"","footnotes":""},"categories":[1],"tags":[],"class_list":["post-1348","post","type-post","status-publish","format-standard","has-post-thumbnail","hentry","category-sem-categoria"],"_links":{"self":[{"href":"https:\/\/sistemafaepa.com.br\/faepa\/wp-json\/wp\/v2\/posts\/1348","targetHints":{"allow":["GET"]}}],"collection":[{"href":"https:\/\/sistemafaepa.com.br\/faepa\/wp-json\/wp\/v2\/posts"}],"about":[{"href":"https:\/\/sistemafaepa.com.br\/faepa\/wp-json\/wp\/v2\/types\/post"}],"author":[{"embeddable":true,"href":"https:\/\/sistemafaepa.com.br\/faepa\/wp-json\/wp\/v2\/users\/1"}],"replies":[{"embeddable":true,"href":"https:\/\/sistemafaepa.com.br\/faepa\/wp-json\/wp\/v2\/comments?post=1348"}],"version-history":[{"count":0,"href":"https:\/\/sistemafaepa.com.br\/faepa\/wp-json\/wp\/v2\/posts\/1348\/revisions"}],"wp:featuredmedia":[{"embeddable":true,"href":"https:\/\/sistemafaepa.com.br\/faepa\/wp-json\/"}],"wp:attachment":[{"href":"https:\/\/sistemafaepa.com.br\/faepa\/wp-json\/wp\/v2\/media?parent=1348"}],"wp:term":[{"taxonomy":"category","embeddable":true,"href":"https:\/\/sistemafaepa.com.br\/faepa\/wp-json\/wp\/v2\/categories?post=1348"},{"taxonomy":"post_tag","embeddable":true,"href":"https:\/\/sistemafaepa.com.br\/faepa\/wp-json\/wp\/v2\/tags?post=1348"}],"curies":[{"name":"wp","href":"https:\/\/api.w.org\/{rel}","templated":true}]}}