{"id":1346,"date":"2019-03-14T18:21:47","date_gmt":"2019-03-14T21:21:47","guid":{"rendered":"http:\/\/sistemafaepa.com.br\/faepa\/2019\/03\/14\/faepa-apresenta-novo-calendario-oficial-das-exposicoes-agropecuarias-do-para\/"},"modified":"2019-03-14T18:21:47","modified_gmt":"2019-03-14T21:21:47","slug":"faepa-apresenta-novo-calendario-oficial-das-exposicoes-agropecuarias-do-para","status":"publish","type":"post","link":"https:\/\/sistemafaepa.com.br\/faepa\/faepa-apresenta-novo-calendario-oficial-das-exposicoes-agropecuarias-do-para\/","title":{"rendered":"Faepa apresenta novo calend\u00e1rio oficial das Exposi\u00e7\u00f5es Agropecu\u00e1rias do Par\u00e1"},"content":{"rendered":"<p>A Federa\u00e7\u00e3o da Agricultura e Pecu\u00e1ria do Par\u00e1, em parceria com a Superintend\u00eancia Federal de Agricultura, Secretaria de Desenvolvimento Agropecu\u00e1rio e da Pesca e Ag\u00eancia de Defesa Agropecu\u00e1ria do Par\u00e1, divulgou nesta quinta-feira, 14\/3, o novo calend\u00e1rio oficial de exposi\u00e7\u00f5es agropecu\u00e1rias do estado.<\/p>\n<p>A vers\u00e3o impressa do Calend\u00e1rio \u00e9 distribu\u00edda gratuitamente em todo o Par\u00e1, atrav\u00e9s de seus 10 N\u00facleos Regionais e 132 Sindicatos Rurais. Por sua vez, a edi\u00e7\u00e3o eletr\u00f4nica est\u00e1 dispon\u00edvel para consulta e download gratuito por meio do link <a href=\"https:\/\/issuu.com\/sistemafaepa\/docs\/calend_rio_de_eventos_2019_-_web__1\">https:\/\/issuu.com\/sistemafaepa\/docs\/calend_rio_de_eventos_2019_-_web__1<\/a><\/p>\n<p>Tamb\u00e9m \u00e9 poss\u00edvel obter o calend\u00e1rio na sede do Sistema Faepa.<\/p>\n<p>Este Calend\u00e1rio n\u00e3o contempla todos os eventos que acontecem no Par\u00e1, podendo existir outros com a mesma excel\u00eancia em realiza\u00e7\u00e3o, qualifica\u00e7\u00e3o e confiabilidade. Os eventos desta edi\u00e7\u00e3o foram inseridos por livre iniciativa dos seus realizadores.<\/p>\n<p>Os endere\u00e7os e os telefones dos N\u00facleos Regionais podem ser consultados no final desta publica\u00e7\u00e3o, al\u00e9m de estarem dispon\u00edveis, juntamente com a rela\u00e7\u00e3o dos Sindicatos Rurais no site www.sistemafaepa.com.br<\/p>\n","protected":false},"excerpt":{"rendered":"<p>A Federa\u00e7\u00e3o da Agricultura e Pecu\u00e1ria do Par\u00e1, em parceria com a Superintend\u00eancia Federal de Agricultura, Secretaria de Desenvolvimento Agropecu\u00e1rio e da Pesca e Ag\u00eancia de Defesa Agropecu\u00e1ria do Par\u00e1, divulgou nesta quinta-feira, 14\/3, o novo calend\u00e1rio oficial de exposi\u00e7\u00f5es agropecu\u00e1rias do estado. A vers\u00e3o impressa do Calend\u00e1rio \u00e9 distribu\u00edda gratuitamente em todo o Par\u00e1, [&hellip;]<\/p>\n","protected":false},"author":1,"featured_media":1347,"comment_status":"open","ping_status":"open","sticky":false,"template":"","format":"standard","meta":{"_et_pb_use_builder":"","_et_pb_old_content":"","_et_gb_content_width":"","footnotes":""},"categories":[1],"tags":[],"class_list":["post-1346","post","type-post","status-publish","format-standard","has-post-thumbnail","hentry","category-sem-categoria"],"_links":{"self":[{"href":"https:\/\/sistemafaepa.com.br\/faepa\/wp-json\/wp\/v2\/posts\/1346","targetHints":{"allow":["GET"]}}],"collection":[{"href":"https:\/\/sistemafaepa.com.br\/faepa\/wp-json\/wp\/v2\/posts"}],"about":[{"href":"https:\/\/sistemafaepa.com.br\/faepa\/wp-json\/wp\/v2\/types\/post"}],"author":[{"embeddable":true,"href":"https:\/\/sistemafaepa.com.br\/faepa\/wp-json\/wp\/v2\/users\/1"}],"replies":[{"embeddable":true,"href":"https:\/\/sistemafaepa.com.br\/faepa\/wp-json\/wp\/v2\/comments?post=1346"}],"version-history":[{"count":0,"href":"https:\/\/sistemafaepa.com.br\/faepa\/wp-json\/wp\/v2\/posts\/1346\/revisions"}],"wp:featuredmedia":[{"embeddable":true,"href":"https:\/\/sistemafaepa.com.br\/faepa\/wp-json\/"}],"wp:attachment":[{"href":"https:\/\/sistemafaepa.com.br\/faepa\/wp-json\/wp\/v2\/media?parent=1346"}],"wp:term":[{"taxonomy":"category","embeddable":true,"href":"https:\/\/sistemafaepa.com.br\/faepa\/wp-json\/wp\/v2\/categories?post=1346"},{"taxonomy":"post_tag","embeddable":true,"href":"https:\/\/sistemafaepa.com.br\/faepa\/wp-json\/wp\/v2\/tags?post=1346"}],"curies":[{"name":"wp","href":"https:\/\/api.w.org\/{rel}","templated":true}]}}