{"id":1326,"date":"2019-03-12T17:07:00","date_gmt":"2019-03-12T20:07:00","guid":{"rendered":"http:\/\/sistemafaepa.com.br\/faepa\/2019\/03\/12\/faepa-realiza-eleicao-nesta-quarta\/"},"modified":"2019-03-12T17:07:00","modified_gmt":"2019-03-12T20:07:00","slug":"faepa-realiza-eleicao-nesta-quarta","status":"publish","type":"post","link":"https:\/\/sistemafaepa.com.br\/faepa\/faepa-realiza-eleicao-nesta-quarta\/","title":{"rendered":"FAEPA realiza elei\u00e7\u00e3o nesta quarta"},"content":{"rendered":"<p><em>O pleito ser\u00e1 amanh\u00e3, 13 de mar\u00e7o, no pr\u00e9dio anexo ao edif\u00edcio-sede do Sistema FAEPA<\/em><\/p>\n<p>A FAEPA \u2013 Federa\u00e7\u00e3o da Agricultura e Pecu\u00e1ria do Par\u00e1 \u2013 realiza nesta quarta (13\/3), a partir das 9h, a elei\u00e7\u00e3o da diretoria para o quadri\u00eanio 2019\/2023.<\/p>\n<p>A Federa\u00e7\u00e3o congrega 132 sindicatos rurais, atua na representa\u00e7\u00e3o dos produtores rurais, no desenvolvimento sustent\u00e1vel do agroneg\u00f3cio e no fortalecimento das rela\u00e7\u00f5es institucionais, sendo protagonista de momentos relevantes na economia, pol\u00edtica e hist\u00f3ria do Par\u00e1 e do Brasil.<\/p>\n<p>\u00c9 uma entidade com personalidade jur\u00eddica pr\u00f3pria, de direito privado, sem fins lucrativos e uma das 27 institui\u00e7\u00f5es sindicais de grau superior que integra a Confedera\u00e7\u00e3o da Agricultura e Pecu\u00e1ria do Brasil (CNA).<\/p>\n<p>Criada em 1951, a FAEPA tem uma trajet\u00f3ria paralela ao crescimento do agroneg\u00f3cio no Par\u00e1. Com uma hist\u00f3ria de 67 anos e 8 presidentes, \u00e9 uma das federa\u00e7\u00f5es mais atuantes do pa\u00eds.<\/p>\n<p>A elei\u00e7\u00e3o ser\u00e1 disputada por duas chapas.<\/p>\n","protected":false},"excerpt":{"rendered":"<p>O pleito ser\u00e1 amanh\u00e3, 13 de mar\u00e7o, no pr\u00e9dio anexo ao edif\u00edcio-sede do Sistema FAEPA A FAEPA \u2013 Federa\u00e7\u00e3o da Agricultura e Pecu\u00e1ria do Par\u00e1 \u2013 realiza nesta quarta (13\/3), a partir das 9h, a elei\u00e7\u00e3o da diretoria para o quadri\u00eanio 2019\/2023. A Federa\u00e7\u00e3o congrega 132 sindicatos rurais, atua na representa\u00e7\u00e3o dos produtores rurais, no [&hellip;]<\/p>\n","protected":false},"author":1,"featured_media":1327,"comment_status":"open","ping_status":"open","sticky":false,"template":"","format":"standard","meta":{"_et_pb_use_builder":"","_et_pb_old_content":"","_et_gb_content_width":"","footnotes":""},"categories":[1],"tags":[],"class_list":["post-1326","post","type-post","status-publish","format-standard","has-post-thumbnail","hentry","category-sem-categoria"],"_links":{"self":[{"href":"https:\/\/sistemafaepa.com.br\/faepa\/wp-json\/wp\/v2\/posts\/1326","targetHints":{"allow":["GET"]}}],"collection":[{"href":"https:\/\/sistemafaepa.com.br\/faepa\/wp-json\/wp\/v2\/posts"}],"about":[{"href":"https:\/\/sistemafaepa.com.br\/faepa\/wp-json\/wp\/v2\/types\/post"}],"author":[{"embeddable":true,"href":"https:\/\/sistemafaepa.com.br\/faepa\/wp-json\/wp\/v2\/users\/1"}],"replies":[{"embeddable":true,"href":"https:\/\/sistemafaepa.com.br\/faepa\/wp-json\/wp\/v2\/comments?post=1326"}],"version-history":[{"count":0,"href":"https:\/\/sistemafaepa.com.br\/faepa\/wp-json\/wp\/v2\/posts\/1326\/revisions"}],"wp:featuredmedia":[{"embeddable":true,"href":"https:\/\/sistemafaepa.com.br\/faepa\/wp-json\/"}],"wp:attachment":[{"href":"https:\/\/sistemafaepa.com.br\/faepa\/wp-json\/wp\/v2\/media?parent=1326"}],"wp:term":[{"taxonomy":"category","embeddable":true,"href":"https:\/\/sistemafaepa.com.br\/faepa\/wp-json\/wp\/v2\/categories?post=1326"},{"taxonomy":"post_tag","embeddable":true,"href":"https:\/\/sistemafaepa.com.br\/faepa\/wp-json\/wp\/v2\/tags?post=1326"}],"curies":[{"name":"wp","href":"https:\/\/api.w.org\/{rel}","templated":true}]}}