{"id":1324,"date":"2019-03-11T20:15:44","date_gmt":"2019-03-11T23:15:44","guid":{"rendered":"http:\/\/sistemafaepa.com.br\/faepa\/2019\/03\/11\/faepa-recebe-reuniao-sobre-o-plano-agricola-e-pecuario\/"},"modified":"2019-03-11T20:15:44","modified_gmt":"2019-03-11T23:15:44","slug":"faepa-recebe-reuniao-sobre-o-plano-agricola-e-pecuario","status":"publish","type":"post","link":"https:\/\/sistemafaepa.com.br\/faepa\/faepa-recebe-reuniao-sobre-o-plano-agricola-e-pecuario\/","title":{"rendered":"Faepa recebe reuni\u00e3o sobre o Plano Agr\u00edcola e Pecu\u00e1rio"},"content":{"rendered":"<p>A Confedera\u00e7\u00e3o da Agricultura e Pecu\u00e1ria do Brasil (CNA) come\u00e7a nesta semana os encontros regionais com federa\u00e7\u00f5es, sindicatos, entidades setoriais e produtores para levantar propostas para o Plano Agr\u00edcola e Pecu\u00e1rio (PAP) 2019\/2020.<\/p>\n<p>Os workshops ser\u00e3o realizados pela Comiss\u00e3o Nacional de Pol\u00edtica Agr\u00edcola da CNA com o objetivo de reunir as principais demandas do setor agropecu\u00e1rio para a pr\u00f3xima safra nas cinco regi\u00f5es do Pa\u00eds.<\/p>\n<p>As propostas ser\u00e3o consolidadas em um documento que ser\u00e1 entregue ao Governo Federal como contribui\u00e7\u00e3o para elaborar o Plano Safra 2019\/2020.<\/p>\n<p>Na quarta (13), a reuni\u00e3o acontece em Bel\u00e9m (PA), na sede da Federa\u00e7\u00e3o da Agricultura e Pecu\u00e1ria do Par\u00e1 (Faepa), com representantes da Regi\u00e3o Norte.<\/p>\n<p>Em uma a\u00e7\u00e3o complementar aos workshops, a CNA est\u00e1 realizando uma pesquisa com produtores para identificar as prioridades para o cr\u00e9dito rural no pr\u00f3ximo Plano Safra. A pesquisa tem como foco coletar propostas para reduzir a burocracia, identificar a necessidade de fomento de instrumentos de mitiga\u00e7\u00e3o de risco na atividade agropecu\u00e1ria e entraves para a contrata\u00e7\u00e3o de cr\u00e9dito, entre outros temas.<\/p>\n<p>No dia 2 de abril, a Comiss\u00e3o Nacional de Pol\u00edtica Agr\u00edcola da CNA se re\u00fane, em Bras\u00edlia, para fechar as propostas que ser\u00e3o apresentadas ao Minist\u00e9rio da Agricultura, Pecu\u00e1ria e Abastecimento (Mapa).<\/p>\n<p>Veja a data do encontro regional:<\/p>\n<p>&#8211; 13\/03, \u00e0s 9h, em Bel\u00e9m, na sede da Federa\u00e7\u00e3o da Agricultura e Pecu\u00e1ria do Par\u00e1 (Faepa)<\/p>\n","protected":false},"excerpt":{"rendered":"<p>A Confedera\u00e7\u00e3o da Agricultura e Pecu\u00e1ria do Brasil (CNA) come\u00e7a nesta semana os encontros regionais com federa\u00e7\u00f5es, sindicatos, entidades setoriais e produtores para levantar propostas para o Plano Agr\u00edcola e Pecu\u00e1rio (PAP) 2019\/2020. Os workshops ser\u00e3o realizados pela Comiss\u00e3o Nacional de Pol\u00edtica Agr\u00edcola da CNA com o objetivo de reunir as principais demandas do setor [&hellip;]<\/p>\n","protected":false},"author":1,"featured_media":1325,"comment_status":"open","ping_status":"open","sticky":false,"template":"","format":"standard","meta":{"_et_pb_use_builder":"","_et_pb_old_content":"","_et_gb_content_width":"","footnotes":""},"categories":[1],"tags":[],"class_list":["post-1324","post","type-post","status-publish","format-standard","has-post-thumbnail","hentry","category-sem-categoria"],"_links":{"self":[{"href":"https:\/\/sistemafaepa.com.br\/faepa\/wp-json\/wp\/v2\/posts\/1324","targetHints":{"allow":["GET"]}}],"collection":[{"href":"https:\/\/sistemafaepa.com.br\/faepa\/wp-json\/wp\/v2\/posts"}],"about":[{"href":"https:\/\/sistemafaepa.com.br\/faepa\/wp-json\/wp\/v2\/types\/post"}],"author":[{"embeddable":true,"href":"https:\/\/sistemafaepa.com.br\/faepa\/wp-json\/wp\/v2\/users\/1"}],"replies":[{"embeddable":true,"href":"https:\/\/sistemafaepa.com.br\/faepa\/wp-json\/wp\/v2\/comments?post=1324"}],"version-history":[{"count":0,"href":"https:\/\/sistemafaepa.com.br\/faepa\/wp-json\/wp\/v2\/posts\/1324\/revisions"}],"wp:featuredmedia":[{"embeddable":true,"href":"https:\/\/sistemafaepa.com.br\/faepa\/wp-json\/"}],"wp:attachment":[{"href":"https:\/\/sistemafaepa.com.br\/faepa\/wp-json\/wp\/v2\/media?parent=1324"}],"wp:term":[{"taxonomy":"category","embeddable":true,"href":"https:\/\/sistemafaepa.com.br\/faepa\/wp-json\/wp\/v2\/categories?post=1324"},{"taxonomy":"post_tag","embeddable":true,"href":"https:\/\/sistemafaepa.com.br\/faepa\/wp-json\/wp\/v2\/tags?post=1324"}],"curies":[{"name":"wp","href":"https:\/\/api.w.org\/{rel}","templated":true}]}}