{"id":1322,"date":"2019-03-11T18:31:27","date_gmt":"2019-03-11T21:31:27","guid":{"rendered":"http:\/\/sistemafaepa.com.br\/faepa\/2019\/03\/11\/faepa-participa-de-reuniao-do-conselho-de-administracao-da-biotec-amazonia\/"},"modified":"2019-03-11T18:31:27","modified_gmt":"2019-03-11T21:31:27","slug":"faepa-participa-de-reuniao-do-conselho-de-administracao-da-biotec-amazonia","status":"publish","type":"post","link":"https:\/\/sistemafaepa.com.br\/faepa\/faepa-participa-de-reuniao-do-conselho-de-administracao-da-biotec-amazonia\/","title":{"rendered":"Faepa participa de reuni\u00e3o do Conselho de Administra\u00e7\u00e3o da BioTec-Amaz\u00f4nia"},"content":{"rendered":"<p><em>Na reuni\u00e3o, foi assinado protocolo de inten\u00e7\u00f5es com a Faepa<\/em><\/p>\n<p>\u201cAs organiza\u00e7\u00f5es sociais s\u00e3o parceiras do Estado dentro de um contrato de fomento e isso n\u00e3o \u00e9 muito f\u00e1cil de gerenciar. \u00c9 uma forma de parceria. \u00c9 uma maneira que o Estado moderno tem de chamar entes privados para junto com os entes estaduais, federais e da Uni\u00e3o e, de uma maneira geral, constituir parcerias desse tipo\u201d. Foi o que destacou o presidente do Centro de Gest\u00e3o e Estudos Estrat\u00e9gicos &#8211; CGEE, com sede em Bras\u00edlia (DF), M\u00e1rcio de Miranda Santos, que, na condi\u00e7\u00e3o de relator no Conselho de Administra\u00e7\u00e3o da Organiza\u00e7\u00e3o Social BioTec-Amaz\u00f4nia, analisou do Relat\u00f3rio de Execu\u00e7\u00e3o do Contrato de Gest\u00e3o da BioTec-Amaz\u00f4nia, no dia 25 de fevereiro de 2019, no Parque de Ci\u00eancia e Tecnologia &#8211; PCT Guam\u00e1, em Bel\u00e9m (PA).<\/p>\n<p>O diretor-presidente da BioTec-Amaz\u00f4nia, Jos\u00e9 Seixas Louren\u00e7o, realizou reuni\u00e3o do Conselho de Administra\u00e7\u00e3o para julgamento e aprecia\u00e7\u00e3o do Relat\u00f3rio Anual \u2013 Ano 2018 no qual destaca a\u00e7\u00f5es, metas e atividades organizadas em cinco eixos para alcance de objetivos a m\u00e9dio e longo prazo. Al\u00e9m do Relat\u00f3rio, a reuni\u00e3o tamb\u00e9m designou a diretoria t\u00e9cnico-cient\u00edfica da Organiza\u00e7\u00e3o Social BioTec-Amaz\u00f4nia; analisou a proposta de regimento interno da BioTec-Amaz\u00f4nia; a presta\u00e7\u00e3o de contas do exerc\u00edcio de 2018; a proposta de or\u00e7amento anual e a cria\u00e7\u00e3o da Rede de Laborat\u00f3rios \u2013 Rede BioTec-Amaz\u00f4nia.<\/p>\n<p>O parecer sobre o Relat\u00f3rio de Execu\u00e7\u00e3o, destacado por M\u00e1rcio Santos &#8211; CGEE, acentua que o trabalho j\u00e1 realizado no primeiro ano de gest\u00e3o foi de fundamental import\u00e2ncia para o caminho que a BioTec-Amaz\u00f4nia desenha para os pr\u00f3ximos anos. \u201cO relat\u00f3rio mostra a import\u00e2ncia de uma institui\u00e7\u00e3o como a BioTec-Amaz\u00f4nia, na propor\u00e7\u00e3o da inova\u00e7\u00e3o, e ela atuando entre todos os atores do sistema, particularmente dos sistemas estrat\u00e9gicos, empresas, universidades, institui\u00e7\u00f5es de ci\u00eancia e tecnologia, os atores de governo que \u00e9 uma tarefa que os sistemas de inova\u00e7\u00e3o moderno aprenderam a valorizar\u201d.<\/p>\n<p>A reuni\u00e3o recebeu, tamb\u00e9m, o representante do Conselho de Apoiadores da BioTec-Amaz\u00f4nia, Jos\u00e9 Ol\u00edmpio Bastos, e os membros do Conselho de Administra\u00e7\u00e3o. Participaram, representando a Universidade P\u00fablica, Sidney Emanuel Batista dos Santos, da Universidade Federal do Par\u00e1 &#8211; UFPA; da Federa\u00e7\u00e3o das Ind\u00fastrias do Estado do Par\u00e1 &#8211; FIEPA, Adriano Reis Lucheta e da Federa\u00e7\u00e3o da Agricultura e Pecu\u00e1ria do Par\u00e1 &#8211; FAEPA, Eliana Fran\u00e7a dos Santos Zacca.<\/p>\n<p>Para Jorge Almeida Guimar\u00e3es, presidente da Empresa Brasileira de Pesquisa e Inova\u00e7\u00e3o Industrial &#8211; EMBRAPII, com sede em Bras\u00edlia (DF), e membro de Not\u00f3ria Capacidade Profissional no Conselho de Administra\u00e7\u00e3o, h\u00e1 de se parabenizar o grupo pela organiza\u00e7\u00e3o do mat\u00e9ria e inclu\u00eddo no Relat\u00f3rio. O presidente da Embrapii destacou a capacidade da Organiza\u00e7\u00e3o Social BioTec-Amaz\u00f4nia de se desenvolver de forma s\u00f3lida no per\u00edodo de um ano al\u00e9m de ter registrado que os resultados apontados no Relat\u00f3rio de Execu\u00e7\u00e3o do Contrato de Gest\u00e3o com o Estado do Par\u00e1 ficaram bem amarrados ao que prop\u00f5e os eixos da BioTec-Amaz\u00f4nia.<\/p>\n<p>Tamb\u00e9m estiveram presentes o titular da Secretaria de Ci\u00eancia, Tecnologia e Educa\u00e7\u00e3o Profissional e Tecnol\u00f3gica &#8211; Sectet, Carlos Maneschy; o secret\u00e1rio-adjunto da Secretaria de Estado de Desenvolvimento Econ\u00f4mico, Minera\u00e7\u00e3o e Energia &#8211; Sedeme, Carlos Ledo; e o reitor da UFPA, Emmanuel Zagury Tourinho.<\/p>\n<p>Pautas \u2013 Entre as pautas aprovadas, por unanimidade pelos membros do conselho de administra\u00e7\u00e3o, destaca-se a aprova\u00e7\u00e3o de Maria Paula Cruz Schneider, docente do Departamento de Gen\u00e9tica da UFPA, para presid\u00eancia do Conselho de Administra\u00e7\u00e3o. Maria Paula \u00e9, tamb\u00e9m, uma das instituidoras da BioTec-Amaz\u00f4nia. A aprova\u00e7\u00e3o da cria\u00e7\u00e3o, elei\u00e7\u00e3o e posse do vice-presidente do Conselho de Administra\u00e7\u00e3o, para o qual foi indicado Sidney Emanuel Batista dos Santos, docente do Departamento de Patologia da UFPA; e designa\u00e7\u00e3o do Diretor T\u00e9cnico-Cient\u00edfico da BioTec-Amaz\u00f4nia, para o qual foi indicado Artur Luiz da Costa da Silva, docente do Departamento de Gen\u00e9tica da UFPA.<\/p>\n<p>Acordo &#8211; Na ocasi\u00e3o, tamb\u00e9m ocorreu a assinatura de protocolo de inten\u00e7\u00f5es da Organiza\u00e7\u00e3o Social BioTec-Amaz\u00f4nia com a Federa\u00e7\u00e3o da Agricultura e Pecu\u00e1ria do Par\u00e1 &#8211; FAEPA. O protocolo de inten\u00e7\u00f5es tem por objeto estabelecer parceria para a viabiliza\u00e7\u00e3o de coopera\u00e7\u00e3o t\u00e9cnico-cient\u00edfica, visando o desenvolvimento de atividades de interesse em comum das institui\u00e7\u00f5es part\u00edcipes e a execu\u00e7\u00e3o de projetos, estudos e pesquisas, com foto nas \u00e1reas de biodiversidade, biotecnologia e bioneg\u00f3cios. O documento foi assinado por Carlos Fernandes Xavier, Presidente da Federa\u00e7\u00e3o da Agricultura Pecu\u00e1ria do Par\u00e1 \u2013 FAEPA e Jos\u00e9 Seixas Louren\u00e7o, Diretor Presidente da Organiza\u00e7\u00e3o Social BioTec-Amaz\u00f4nia.<\/p>\n<p>Os acordos de coopera\u00e7\u00e3o e protocolos de inten\u00e7\u00e3o, firmados pela BioTec-Amaz\u00f4nia fazem parte dos eixos estrat\u00e9gicos da OS de estabelecer, entre outros, a governan\u00e7a inovadora e articula\u00e7\u00e3o estrat\u00e9gica do programa na \u00e1rea da biodiversidade do Estado do Par\u00e1, com fomento do Governo do Estado. A BioTec-Amaz\u00f4nia articula com diferentes segmentos, como lideran\u00e7as empresariais, acad\u00eamicas e de governo. \u00c9 o compromisso de contribuir com a prospec\u00e7\u00e3o e atra\u00e7\u00e3o de novos neg\u00f3cios para o Parque de Ci\u00eancia e Tecnologia &#8211; PCT Guam\u00e1, promovendo e incentivando a participa\u00e7\u00e3o em eventos, f\u00f3runs e vitrines de inven\u00e7\u00f5es de potenciais investidores.<\/p>\n","protected":false},"excerpt":{"rendered":"<p>Na reuni\u00e3o, foi assinado protocolo de inten\u00e7\u00f5es com a Faepa \u201cAs organiza\u00e7\u00f5es sociais s\u00e3o parceiras do Estado dentro de um contrato de fomento e isso n\u00e3o \u00e9 muito f\u00e1cil de gerenciar. \u00c9 uma forma de parceria. \u00c9 uma maneira que o Estado moderno tem de chamar entes privados para junto com os entes estaduais, federais [&hellip;]<\/p>\n","protected":false},"author":1,"featured_media":1323,"comment_status":"open","ping_status":"open","sticky":false,"template":"","format":"standard","meta":{"_et_pb_use_builder":"","_et_pb_old_content":"","_et_gb_content_width":"","footnotes":""},"categories":[1],"tags":[],"class_list":["post-1322","post","type-post","status-publish","format-standard","has-post-thumbnail","hentry","category-sem-categoria"],"_links":{"self":[{"href":"https:\/\/sistemafaepa.com.br\/faepa\/wp-json\/wp\/v2\/posts\/1322","targetHints":{"allow":["GET"]}}],"collection":[{"href":"https:\/\/sistemafaepa.com.br\/faepa\/wp-json\/wp\/v2\/posts"}],"about":[{"href":"https:\/\/sistemafaepa.com.br\/faepa\/wp-json\/wp\/v2\/types\/post"}],"author":[{"embeddable":true,"href":"https:\/\/sistemafaepa.com.br\/faepa\/wp-json\/wp\/v2\/users\/1"}],"replies":[{"embeddable":true,"href":"https:\/\/sistemafaepa.com.br\/faepa\/wp-json\/wp\/v2\/comments?post=1322"}],"version-history":[{"count":0,"href":"https:\/\/sistemafaepa.com.br\/faepa\/wp-json\/wp\/v2\/posts\/1322\/revisions"}],"wp:featuredmedia":[{"embeddable":true,"href":"https:\/\/sistemafaepa.com.br\/faepa\/wp-json\/"}],"wp:attachment":[{"href":"https:\/\/sistemafaepa.com.br\/faepa\/wp-json\/wp\/v2\/media?parent=1322"}],"wp:term":[{"taxonomy":"category","embeddable":true,"href":"https:\/\/sistemafaepa.com.br\/faepa\/wp-json\/wp\/v2\/categories?post=1322"},{"taxonomy":"post_tag","embeddable":true,"href":"https:\/\/sistemafaepa.com.br\/faepa\/wp-json\/wp\/v2\/tags?post=1322"}],"curies":[{"name":"wp","href":"https:\/\/api.w.org\/{rel}","templated":true}]}}