{"id":1309,"date":"2019-02-25T17:10:18","date_gmt":"2019-02-25T20:10:18","guid":{"rendered":"http:\/\/sistemafaepa.com.br\/faepa\/2019\/02\/25\/faepa-participa-da-celebracao-dos-300-anos-da-diocese-de-belem\/"},"modified":"2019-02-25T17:10:18","modified_gmt":"2019-02-25T20:10:18","slug":"faepa-participa-da-celebracao-dos-300-anos-da-diocese-de-belem","status":"publish","type":"post","link":"https:\/\/sistemafaepa.com.br\/faepa\/faepa-participa-da-celebracao-dos-300-anos-da-diocese-de-belem\/","title":{"rendered":"Faepa participa da celebra\u00e7\u00e3o dos 300 anos da Diocese de Bel\u00e9m"},"content":{"rendered":"<p>O presidente do Sistema Faepa, Carlos Xavier, e o vice Vilson Schuber, participaram, na presen\u00e7a do Governador Helder Barbalho, e demais autoridades, da missa de celebra\u00e7\u00e3o dos 300 anos da Diocese de Bel\u00e9m, a quinta mais antiga do Brasil, ocorrida na \u00faltima sexta-feira (22), na Arena Guilherme Paraense, o Mangueirinho.<\/p>\n","protected":false},"excerpt":{"rendered":"<p>O presidente do Sistema Faepa, Carlos Xavier, e o vice Vilson Schuber, participaram, na presen\u00e7a do Governador Helder Barbalho, e demais autoridades, da missa de celebra\u00e7\u00e3o dos 300 anos da Diocese de Bel\u00e9m, a quinta mais antiga do Brasil, ocorrida na \u00faltima sexta-feira (22), na Arena Guilherme Paraense, o Mangueirinho.<\/p>\n","protected":false},"author":1,"featured_media":1310,"comment_status":"open","ping_status":"open","sticky":false,"template":"","format":"standard","meta":{"_et_pb_use_builder":"","_et_pb_old_content":"","_et_gb_content_width":"","footnotes":""},"categories":[1],"tags":[],"class_list":["post-1309","post","type-post","status-publish","format-standard","has-post-thumbnail","hentry","category-sem-categoria"],"_links":{"self":[{"href":"https:\/\/sistemafaepa.com.br\/faepa\/wp-json\/wp\/v2\/posts\/1309","targetHints":{"allow":["GET"]}}],"collection":[{"href":"https:\/\/sistemafaepa.com.br\/faepa\/wp-json\/wp\/v2\/posts"}],"about":[{"href":"https:\/\/sistemafaepa.com.br\/faepa\/wp-json\/wp\/v2\/types\/post"}],"author":[{"embeddable":true,"href":"https:\/\/sistemafaepa.com.br\/faepa\/wp-json\/wp\/v2\/users\/1"}],"replies":[{"embeddable":true,"href":"https:\/\/sistemafaepa.com.br\/faepa\/wp-json\/wp\/v2\/comments?post=1309"}],"version-history":[{"count":0,"href":"https:\/\/sistemafaepa.com.br\/faepa\/wp-json\/wp\/v2\/posts\/1309\/revisions"}],"wp:featuredmedia":[{"embeddable":true,"href":"https:\/\/sistemafaepa.com.br\/faepa\/wp-json\/"}],"wp:attachment":[{"href":"https:\/\/sistemafaepa.com.br\/faepa\/wp-json\/wp\/v2\/media?parent=1309"}],"wp:term":[{"taxonomy":"category","embeddable":true,"href":"https:\/\/sistemafaepa.com.br\/faepa\/wp-json\/wp\/v2\/categories?post=1309"},{"taxonomy":"post_tag","embeddable":true,"href":"https:\/\/sistemafaepa.com.br\/faepa\/wp-json\/wp\/v2\/tags?post=1309"}],"curies":[{"name":"wp","href":"https:\/\/api.w.org\/{rel}","templated":true}]}}