{"id":1307,"date":"2019-02-22T15:55:13","date_gmt":"2019-02-22T18:55:13","guid":{"rendered":"http:\/\/sistemafaepa.com.br\/faepa\/2019\/02\/22\/ceplac-comemora-62-anos-e-homenageia-parceiros-entre-eles-o-sistema-faepa-senar\/"},"modified":"2019-02-22T15:55:13","modified_gmt":"2019-02-22T18:55:13","slug":"ceplac-comemora-62-anos-e-homenageia-parceiros-entre-eles-o-sistema-faepa-senar","status":"publish","type":"post","link":"https:\/\/sistemafaepa.com.br\/faepa\/ceplac-comemora-62-anos-e-homenageia-parceiros-entre-eles-o-sistema-faepa-senar\/","title":{"rendered":"Ceplac comemora 62 anos e homenageia parceiros, entre eles o Sistema Faepa\/Senar"},"content":{"rendered":"<p>Com 62 anos de hist\u00f3ria no Brasil e 54 anos no estado do Par\u00e1, a Comiss\u00e3o Executiva do Plano da Lavoura Cacaueira (Ceplac) realizou um caf\u00e9 da manh\u00e3 alusivo a comemora\u00e7\u00e3o, nesta sexta-feira, 22, na sede da Federa\u00e7\u00e3o da Agricultura e Pecu\u00e1ria do Par\u00e1 (Faepa).<\/p>\n<p>A abertura do evento foi conduzida pelo vice-presidente do Sistema Faepa, Vilson Schuber. Em seguida, o superintendente regional da Ceplac, Raul Guimar\u00e3es, apresentou um panorama da cacauicultura. A programa\u00e7\u00e3o contou ainda com a entrega simb\u00f3lica de algumas homenagens as entidades parceiras, entre elas a Faepa e o Senar, que foram recebidas respectivamente pelo presidente Carlos Xavier e pelo superintendente Walter Cardoso.<\/p>\n<p>A Ceplac \u00e9 um \u00f3rg\u00e3o do Minist\u00e9rio da Agricultura, Pecu\u00e1ria e abastecimento respons\u00e1vel pela coordena\u00e7\u00e3o da pol\u00edtica cacaueira no Brasil, com atua\u00e7\u00e3o em seis estados. Sua miss\u00e3o \u00e9 promover o desenvolvimento rural sustent\u00e1vel das regi\u00f5es produtoras de cacau.<\/p>\n<p>Atualmente, o Par\u00e1 \u00e9 o maior produtor de cacau do Brasil e avan\u00e7a cada vez mais na produ\u00e7\u00e3o.<\/p>\n","protected":false},"excerpt":{"rendered":"<p>Com 62 anos de hist\u00f3ria no Brasil e 54 anos no estado do Par\u00e1, a Comiss\u00e3o Executiva do Plano da Lavoura Cacaueira (Ceplac) realizou um caf\u00e9 da manh\u00e3 alusivo a comemora\u00e7\u00e3o, nesta sexta-feira, 22, na sede da Federa\u00e7\u00e3o da Agricultura e Pecu\u00e1ria do Par\u00e1 (Faepa). A abertura do evento foi conduzida pelo vice-presidente do Sistema [&hellip;]<\/p>\n","protected":false},"author":1,"featured_media":1308,"comment_status":"open","ping_status":"open","sticky":false,"template":"","format":"standard","meta":{"_et_pb_use_builder":"","_et_pb_old_content":"","_et_gb_content_width":"","footnotes":""},"categories":[1],"tags":[],"class_list":["post-1307","post","type-post","status-publish","format-standard","has-post-thumbnail","hentry","category-sem-categoria"],"_links":{"self":[{"href":"https:\/\/sistemafaepa.com.br\/faepa\/wp-json\/wp\/v2\/posts\/1307","targetHints":{"allow":["GET"]}}],"collection":[{"href":"https:\/\/sistemafaepa.com.br\/faepa\/wp-json\/wp\/v2\/posts"}],"about":[{"href":"https:\/\/sistemafaepa.com.br\/faepa\/wp-json\/wp\/v2\/types\/post"}],"author":[{"embeddable":true,"href":"https:\/\/sistemafaepa.com.br\/faepa\/wp-json\/wp\/v2\/users\/1"}],"replies":[{"embeddable":true,"href":"https:\/\/sistemafaepa.com.br\/faepa\/wp-json\/wp\/v2\/comments?post=1307"}],"version-history":[{"count":0,"href":"https:\/\/sistemafaepa.com.br\/faepa\/wp-json\/wp\/v2\/posts\/1307\/revisions"}],"wp:featuredmedia":[{"embeddable":true,"href":"https:\/\/sistemafaepa.com.br\/faepa\/wp-json\/"}],"wp:attachment":[{"href":"https:\/\/sistemafaepa.com.br\/faepa\/wp-json\/wp\/v2\/media?parent=1307"}],"wp:term":[{"taxonomy":"category","embeddable":true,"href":"https:\/\/sistemafaepa.com.br\/faepa\/wp-json\/wp\/v2\/categories?post=1307"},{"taxonomy":"post_tag","embeddable":true,"href":"https:\/\/sistemafaepa.com.br\/faepa\/wp-json\/wp\/v2\/tags?post=1307"}],"curies":[{"name":"wp","href":"https:\/\/api.w.org\/{rel}","templated":true}]}}