{"id":1303,"date":"2019-02-07T15:43:30","date_gmt":"2019-02-07T18:43:30","guid":{"rendered":"http:\/\/sistemafaepa.com.br\/faepa\/2019\/02\/07\/presidente-da-faepa-testemunha-assinatura-de-protocolo-de-intencoes-entre-governo-do-estado-e-banco-da-amazonia\/"},"modified":"2019-02-07T15:43:30","modified_gmt":"2019-02-07T18:43:30","slug":"presidente-da-faepa-testemunha-assinatura-de-protocolo-de-intencoes-entre-governo-do-estado-e-banco-da-amazonia","status":"publish","type":"post","link":"https:\/\/sistemafaepa.com.br\/faepa\/presidente-da-faepa-testemunha-assinatura-de-protocolo-de-intencoes-entre-governo-do-estado-e-banco-da-amazonia\/","title":{"rendered":"Presidente da Faepa testemunha assinatura de protocolo de inten\u00e7\u00f5es entre Governo do Estado e Banco da Amaz\u00f4nia"},"content":{"rendered":"<p>O Governador do Estado, Helder Barbalho, e o presidente do Banco da Amaz\u00f4nia, Valdecir Tose, assinaram nesta quinta-feira, 7, o Protocolo de Inten\u00e7\u00f5es que objetiva promover a\u00e7\u00f5es integradas pelo desenvolvimento local com recursos do FNO e Carteira Comercial, de ordem de R$3,4 bilh\u00f5es. O presidente do Sistema Faepa, Carlos Xavier, testemunhou o ato.<\/p>\n<p>De acordo com o presidente do Banco, Valdecir Tose, no ano de 2018, o Banco da Amaz\u00f4nia aplicou R$ 1,6 bilh\u00e3o, somente com recursos do FNO, em neg\u00f3cios no Par\u00e1.<\/p>\n<p>\u201cA expectativa \u00e9 ampliar este resultado para 2019 em parceria com o governo do estado. Por isso, a import\u00e2ncia da assinatura deste protocolo para firmar o compromisso de aplicar os recursos de fomento dispon\u00edveis para o desenvolvimento das potencialidades econ\u00f4micas paraenses\u201d, ressalta o presidente, que tamb\u00e9m destacou a participa\u00e7\u00e3o do Banco nesse cen\u00e1rio, pois 73,9% do cr\u00e9dito de fomento realizado no Estado contam com recursos da institui\u00e7\u00e3o, principalmente, com verbas federais via o Fundo Constitucional de Financiamento do Norte (FNO).<\/p>\n","protected":false},"excerpt":{"rendered":"<p>O Governador do Estado, Helder Barbalho, e o presidente do Banco da Amaz\u00f4nia, Valdecir Tose, assinaram nesta quinta-feira, 7, o Protocolo de Inten\u00e7\u00f5es que objetiva promover a\u00e7\u00f5es integradas pelo desenvolvimento local com recursos do FNO e Carteira Comercial, de ordem de R$3,4 bilh\u00f5es. O presidente do Sistema Faepa, Carlos Xavier, testemunhou o ato. De acordo [&hellip;]<\/p>\n","protected":false},"author":1,"featured_media":1304,"comment_status":"open","ping_status":"open","sticky":false,"template":"","format":"standard","meta":{"_et_pb_use_builder":"","_et_pb_old_content":"","_et_gb_content_width":"","footnotes":""},"categories":[1],"tags":[],"class_list":["post-1303","post","type-post","status-publish","format-standard","has-post-thumbnail","hentry","category-sem-categoria"],"_links":{"self":[{"href":"https:\/\/sistemafaepa.com.br\/faepa\/wp-json\/wp\/v2\/posts\/1303","targetHints":{"allow":["GET"]}}],"collection":[{"href":"https:\/\/sistemafaepa.com.br\/faepa\/wp-json\/wp\/v2\/posts"}],"about":[{"href":"https:\/\/sistemafaepa.com.br\/faepa\/wp-json\/wp\/v2\/types\/post"}],"author":[{"embeddable":true,"href":"https:\/\/sistemafaepa.com.br\/faepa\/wp-json\/wp\/v2\/users\/1"}],"replies":[{"embeddable":true,"href":"https:\/\/sistemafaepa.com.br\/faepa\/wp-json\/wp\/v2\/comments?post=1303"}],"version-history":[{"count":0,"href":"https:\/\/sistemafaepa.com.br\/faepa\/wp-json\/wp\/v2\/posts\/1303\/revisions"}],"wp:featuredmedia":[{"embeddable":true,"href":"https:\/\/sistemafaepa.com.br\/faepa\/wp-json\/"}],"wp:attachment":[{"href":"https:\/\/sistemafaepa.com.br\/faepa\/wp-json\/wp\/v2\/media?parent=1303"}],"wp:term":[{"taxonomy":"category","embeddable":true,"href":"https:\/\/sistemafaepa.com.br\/faepa\/wp-json\/wp\/v2\/categories?post=1303"},{"taxonomy":"post_tag","embeddable":true,"href":"https:\/\/sistemafaepa.com.br\/faepa\/wp-json\/wp\/v2\/tags?post=1303"}],"curies":[{"name":"wp","href":"https:\/\/api.w.org\/{rel}","templated":true}]}}