{"id":1300,"date":"2019-02-05T14:02:23","date_gmt":"2019-02-05T17:02:23","guid":{"rendered":"http:\/\/sistemafaepa.com.br\/faepa\/2019\/02\/05\/sinpriz-comemora-25-anos-de-fundacao\/"},"modified":"2019-02-05T14:02:23","modified_gmt":"2019-02-05T17:02:23","slug":"sinpriz-comemora-25-anos-de-fundacao","status":"publish","type":"post","link":"https:\/\/sistemafaepa.com.br\/faepa\/sinpriz-comemora-25-anos-de-fundacao\/","title":{"rendered":"Sindicato Rural de Santa Isabel do Par\u00e1 e Santo Ant\u00f4nio do Tau\u00e1 comemora 25 anos de funda\u00e7\u00e3o"},"content":{"rendered":"<p>Os 25 anos de funda\u00e7\u00e3o do Sindicato dos Produtores Rurais de Santa Izabel do Par\u00e1 e Santo Ant\u00f4nio do Tau\u00e1 \u2013 SINPRIZ foram comemorados em 26 de janeiro, na sede pr\u00f3pria em Santa Isabel do Par\u00e1, com uma ampla programa\u00e7\u00e3o com homenagens e jantar. A Solenidade reuniu associados, lideran\u00e7as do setor, produtores, autoridades e pol\u00edticos.<\/p>\n<p>Na oportunidade, a Diretoria do SINPRIZ concedeu homenagem aos 85 s\u00f3cios-fundadores do Sindicato, bem como, uma placa de agradecimento para sua primeira funcion\u00e1ria, Ivone Viana Prestes. Prestigiaram a comemora\u00e7\u00e3o, o presidente do Sistema FAEPA, Carlos Xavier, o superintendente do SENAR, Walter Cardoso, e prefeito, Evandro Watanabe.<\/p>\n<p>O Sindicato dos Produtores Rurais de Santa Izabel do Par\u00e1 e Santo Ant\u00f4nio do Tau\u00e1 &#8211; SINPRIZ, fundado em 26 de janeiro de 1994, \u00e9 uma entidade reconhecida no Cadastro Nacional de Entidades Sindicais \u2013 CNES do Minist\u00e9rio do Trabalho e Emprego, hoje transferido ao Minist\u00e9rio da Justi\u00e7a e Seguran\u00e7a P\u00fablica. O SINPRIZ \u00e9 filiado \u00e0 Federa\u00e7\u00e3o da Agricultura e Pecu\u00e1ria do Par\u00e1 \u2013 FAEPA e \u00e0 Confedera\u00e7\u00e3o da Agricultura e Pecu\u00e1ria do Brasil \u2013 CNA.<\/p>\n<p>Para a diretoria, os fundadores do Sindicato, foram determinados e confiantes que o mesmo seria capaz de organizar e representar os produtores rurais da regi\u00e3o. \u201cAs diretorias que por aqui passaram ao longo dos 25 anos, se dedicaram com garra e determina\u00e7\u00e3o, para n\u00e3o deixar que o sonho dos fundadores fosse frustrado\u201d, mencionou a mensagem do SINPRIZ, destacando a miss\u00e3o, vis\u00e3o e valores estabelecidos pela categoria, baseado na legisla\u00e7\u00e3o sindical. \u201c\u00c9 importante que ofere\u00e7am suas contribui\u00e7\u00f5es, sugerindo inova\u00e7\u00f5es, divulgando as a\u00e7\u00f5es do Sindicato e principalmente frequentando a sua casa de representa\u00e7\u00e3o\u201d, finalizou.<\/p>\n","protected":false},"excerpt":{"rendered":"<p>Os 25 anos de funda\u00e7\u00e3o do Sindicato dos Produtores Rurais de Santa Izabel do Par\u00e1 e Santo Ant\u00f4nio do Tau\u00e1 \u2013 SINPRIZ foram comemorados em 26 de janeiro, na sede pr\u00f3pria em Santa Isabel do Par\u00e1, com uma ampla programa\u00e7\u00e3o com homenagens e jantar. A Solenidade reuniu associados, lideran\u00e7as do setor, produtores, autoridades e pol\u00edticos. [&hellip;]<\/p>\n","protected":false},"author":1,"featured_media":1301,"comment_status":"open","ping_status":"open","sticky":false,"template":"","format":"standard","meta":{"_et_pb_use_builder":"","_et_pb_old_content":"","_et_gb_content_width":"","footnotes":""},"categories":[1],"tags":[],"class_list":["post-1300","post","type-post","status-publish","format-standard","has-post-thumbnail","hentry","category-sem-categoria"],"_links":{"self":[{"href":"https:\/\/sistemafaepa.com.br\/faepa\/wp-json\/wp\/v2\/posts\/1300","targetHints":{"allow":["GET"]}}],"collection":[{"href":"https:\/\/sistemafaepa.com.br\/faepa\/wp-json\/wp\/v2\/posts"}],"about":[{"href":"https:\/\/sistemafaepa.com.br\/faepa\/wp-json\/wp\/v2\/types\/post"}],"author":[{"embeddable":true,"href":"https:\/\/sistemafaepa.com.br\/faepa\/wp-json\/wp\/v2\/users\/1"}],"replies":[{"embeddable":true,"href":"https:\/\/sistemafaepa.com.br\/faepa\/wp-json\/wp\/v2\/comments?post=1300"}],"version-history":[{"count":0,"href":"https:\/\/sistemafaepa.com.br\/faepa\/wp-json\/wp\/v2\/posts\/1300\/revisions"}],"wp:featuredmedia":[{"embeddable":true,"href":"https:\/\/sistemafaepa.com.br\/faepa\/wp-json\/"}],"wp:attachment":[{"href":"https:\/\/sistemafaepa.com.br\/faepa\/wp-json\/wp\/v2\/media?parent=1300"}],"wp:term":[{"taxonomy":"category","embeddable":true,"href":"https:\/\/sistemafaepa.com.br\/faepa\/wp-json\/wp\/v2\/categories?post=1300"},{"taxonomy":"post_tag","embeddable":true,"href":"https:\/\/sistemafaepa.com.br\/faepa\/wp-json\/wp\/v2\/tags?post=1300"}],"curies":[{"name":"wp","href":"https:\/\/api.w.org\/{rel}","templated":true}]}}