{"id":1297,"date":"2019-01-25T17:24:04","date_gmt":"2019-01-25T20:24:04","guid":{"rendered":"http:\/\/sistemafaepa.com.br\/faepa\/2019\/01\/25\/bndes-orienta-sobre-linhas-de-credito-em-evento-na-faepa\/"},"modified":"2019-01-25T17:24:04","modified_gmt":"2019-01-25T20:24:04","slug":"bndes-orienta-sobre-linhas-de-credito-em-evento-na-faepa","status":"publish","type":"post","link":"https:\/\/sistemafaepa.com.br\/faepa\/bndes-orienta-sobre-linhas-de-credito-em-evento-na-faepa\/","title":{"rendered":"BNDES orienta sobre linhas de cr\u00e9dito em evento na FAEPA"},"content":{"rendered":"<p align=\"justify\">Linhas de financiamentos, prazos, car\u00eancias, itens de garantias, taxas de juros de opera\u00e7\u00e3o e de instala\u00e7\u00e3o, pautaram a rodada de neg\u00f3cios, entre o gerente do departamento de Origina\u00e7\u00e3o Norte-Centro-Oeste, do Banco Nacional de Desenvolvimento Econ\u00f4mico e Social (BNDES), Ian Guerriero, e representantes do setor produtivo.<\/p>\n<p align=\"justify\">A iniciativa do encontro para fomentar os neg\u00f3cios no territ\u00f3rio paraense foi parceria das federa\u00e7\u00f5es da Agricultura e Pecu\u00e1ria do Par\u00e1 (Faepa) e da Ind\u00fastrias do Par\u00e1 (Fiepa), em evento ocorrido em 23 de janeiro, no audit\u00f3rio da Faepa.<\/p>\n<p align=\"justify\">Ian Guerriero, do Departamento de Origina\u00e7\u00e3o do BNDES, apresentou as linhas de cr\u00e9dito disponibilizadas pelo Banco, como cr\u00e9dito rotativo, capital de giro, aquisi\u00e7\u00e3o de m\u00e1quinas e equipamentos, projetos de investimentos e cr\u00e9dito para exporta\u00e7\u00e3o, e falou sobre o fluxo de cada uma das etapas de Habilita\u00e7\u00e3o, Contrata\u00e7\u00e3o e Desembolso dos recursos para projetos empresariais. \u201cA meta do banco \u00e9 fazer a an\u00e1lise do projeto em quatro meses, mas esse tempo poder ser maior dependendo de uma s\u00e9rie de fatores, a exemplo da apresenta\u00e7\u00e3o das documenta\u00e7\u00f5es exigidas e negocia\u00e7\u00f5es para itens de garantias para a tomada de empr\u00e9stimo\u201d, disse o gerente.<\/p>\n<p align=\"justify\">Perguntas sobre as taxas de juros e an\u00e1lises de risco foram recorrentes entre o p\u00fablico presente. O gerente do BNDES destacou que tudo \u00e9 gratuito durante as fases de Habilita\u00e7\u00e3o e Contrata\u00e7\u00e3o, que exclusivamente eletr\u00f4nica via site do Banco na internet (https:\/\/www.bndes.gov.br\/wps\/portal\/site\/home). As taxas de opera\u00e7\u00e3o e as taxas de juros s\u00f3 come\u00e7am a ser cobradas do empres\u00e1rio\/industrial a partir da fase do Desembolso.<\/p>\n<p align=\"justify\">A expectativa \u00e9 que o BNDES amplie os financiamentos de projetos no estado do Par\u00e1 e, por meio da inje\u00e7\u00e3o de recursos, movimento a economia local, com cria\u00e7\u00e3o de emprego e renda.<\/p>\n<p align=\"justify\">Desde 1\u00ba de janeiro de 2018, por determina\u00e7\u00e3o do Congresso Nacional, o BNDES trabalha com a Taxa de Longo Prazo, a TLP. Antes disso, o Banco trabalhava com outra taxa chamada TJLP. \u201cA TLP tem uma f\u00f3rmula relativamente complexa de determina\u00e7\u00e3o, todos os meses ela muda. E todos os meses n\u00f3s pulicamos em nosso site qual \u00e9 o resultado dessa taxa\u201d, disse Guerreiro.<\/p>\n<p align=\"justify\">Para o presidente da Faepa, Carlos Xavier, o maior insumo para agropecu\u00e1ria e para a ind\u00fastria \u00e9 o recurso financeiro. \u201c\u00c9 \u00e9 da maior import\u00e2ncia que o BNDES possa vir particularmente para um estado, que apesar das grandes potencialidades, tem um dos mais baixos \u00edndices de desenvolvimento humano do Brasil\u2019\u2019, comentou. \u201cVoc\u00ea n\u00e3o faz a transforma\u00e7\u00e3o da sociedade sen\u00e3o pela produ\u00e7\u00e3o\u201d, alertou Xavier.<\/p>\n","protected":false},"excerpt":{"rendered":"<p>Linhas de financiamentos, prazos, car\u00eancias, itens de garantias, taxas de juros de opera\u00e7\u00e3o e de instala\u00e7\u00e3o, pautaram a rodada de neg\u00f3cios, entre o gerente do departamento de Origina\u00e7\u00e3o Norte-Centro-Oeste, do Banco Nacional de Desenvolvimento Econ\u00f4mico e Social (BNDES), Ian Guerriero, e representantes do setor produtivo. A iniciativa do encontro para fomentar os neg\u00f3cios no territ\u00f3rio [&hellip;]<\/p>\n","protected":false},"author":1,"featured_media":1298,"comment_status":"open","ping_status":"open","sticky":false,"template":"","format":"standard","meta":{"_et_pb_use_builder":"","_et_pb_old_content":"","_et_gb_content_width":"","footnotes":""},"categories":[1],"tags":[],"class_list":["post-1297","post","type-post","status-publish","format-standard","has-post-thumbnail","hentry","category-sem-categoria"],"_links":{"self":[{"href":"https:\/\/sistemafaepa.com.br\/faepa\/wp-json\/wp\/v2\/posts\/1297","targetHints":{"allow":["GET"]}}],"collection":[{"href":"https:\/\/sistemafaepa.com.br\/faepa\/wp-json\/wp\/v2\/posts"}],"about":[{"href":"https:\/\/sistemafaepa.com.br\/faepa\/wp-json\/wp\/v2\/types\/post"}],"author":[{"embeddable":true,"href":"https:\/\/sistemafaepa.com.br\/faepa\/wp-json\/wp\/v2\/users\/1"}],"replies":[{"embeddable":true,"href":"https:\/\/sistemafaepa.com.br\/faepa\/wp-json\/wp\/v2\/comments?post=1297"}],"version-history":[{"count":0,"href":"https:\/\/sistemafaepa.com.br\/faepa\/wp-json\/wp\/v2\/posts\/1297\/revisions"}],"wp:featuredmedia":[{"embeddable":true,"href":"https:\/\/sistemafaepa.com.br\/faepa\/wp-json\/"}],"wp:attachment":[{"href":"https:\/\/sistemafaepa.com.br\/faepa\/wp-json\/wp\/v2\/media?parent=1297"}],"wp:term":[{"taxonomy":"category","embeddable":true,"href":"https:\/\/sistemafaepa.com.br\/faepa\/wp-json\/wp\/v2\/categories?post=1297"},{"taxonomy":"post_tag","embeddable":true,"href":"https:\/\/sistemafaepa.com.br\/faepa\/wp-json\/wp\/v2\/tags?post=1297"}],"curies":[{"name":"wp","href":"https:\/\/api.w.org\/{rel}","templated":true}]}}