{"id":1289,"date":"2019-01-17T18:07:40","date_gmt":"2019-01-17T21:07:40","guid":{"rendered":"http:\/\/sistemafaepa.com.br\/faepa\/2019\/01\/17\/inscricoes-para-produtor-rural-no-caepf-e-no-esocial-estao-abertas\/"},"modified":"2019-01-17T18:07:40","modified_gmt":"2019-01-17T21:07:40","slug":"inscricoes-para-produtor-rural-no-caepf-e-no-esocial-estao-abertas","status":"publish","type":"post","link":"https:\/\/sistemafaepa.com.br\/faepa\/inscricoes-para-produtor-rural-no-caepf-e-no-esocial-estao-abertas\/","title":{"rendered":"Inscri\u00e7\u00f5es para produtor rural no CAEPF e no eSocial est\u00e3o abertas"},"content":{"rendered":"<p class=\"m_1056780949799606752MsoNoSpacing\">A inscri\u00e7\u00e3o para o produtor rural no Cadastro de Atividade Econ\u00f4mica da Pessoa F\u00edsica (CAEPF) \u00e9 obrigat\u00f3ria desde ter\u00e7a (15).<\/p>\n<p class=\"m_1056780949799606752MsoNoSpacing\"><u><\/u><u><\/u><u><\/u>O CAEPF \u00e9 o cadastro da Secretaria da Receita Federal do Brasil com informa\u00e7\u00f5es das atividades econ\u00f4micas exercidas pelo produtor e a inscri\u00e7\u00e3o deve ser realizada no Portal e-Cac, no site do \u00f3rg\u00e3o (<a href=\"http:\/\/www.receita.fazenda.gov.br\/\" target=\"_blank\" rel=\"noopener\" data-saferedirecturl=\"https:\/\/www.google.com\/url?q=http:\/\/www.receita.fazenda.gov.br\/&amp;source=gmail&amp;ust=1547841450956000&amp;usg=AFQjCNEwqoVKpmOiHfCXyzyVJ-_8G4WiTw\">h<\/a><a href=\"http:\/\/www.receita.fazenda.gov.br\/\" target=\"_blank\" rel=\"noopener\" data-saferedirecturl=\"https:\/\/www.google.com\/url?q=http:\/\/www.receita.fazenda.gov.br\/&amp;source=gmail&amp;ust=1547841450956000&amp;usg=AFQjCNEwqoVKpmOiHfCXyzyVJ-_8G4WiTw\">ttp:\/\/www.receita.fazenda.gov.br<\/a>).<u><\/u><u><\/u><\/p>\n<p class=\"m_1056780949799606752MsoNoSpacing\"><u><\/u>A Confedera\u00e7\u00e3o da Agricultura e Pecu\u00e1ria do Brasil (CNA) disponibiliza em seu site um tutorial para a inscri\u00e7\u00e3o no CAEPF (<a href=\"https:\/\/www.cnabrasil.org.br\/paginas-especiais\/portal-sindicato-forte\" target=\"_blank\" rel=\"noopener\" data-saferedirecturl=\"https:\/\/www.google.com\/url?q=https:\/\/www.cnabrasil.org.br\/paginas-especiais\/portal-sindicato-forte&amp;source=gmail&amp;ust=1547841450956000&amp;usg=AFQjCNEzqzRfBn2ZjVWAAuArxyoVkYQLzw\">https:\/\/www.cnabrasil.org.br\/paginas-especiais\/portal-sindicato-forte<\/a>).<u><\/u><u><\/u><\/p>\n<p class=\"m_1056780949799606752MsoNoSpacing\"><u><\/u>Al\u00e9m disso, a Receita, responde, em endere\u00e7o eletr\u00f4nico, as 21 perguntas mais frequentes sobre o CAEPF (<a href=\"http:\/\/idg.receita.fazenda.gov.br\/orientacao\/tributaria\/cadastros\/cadastro-de-atividades-economicas-da-pessoa-fisica-caepf\/perguntas-e-respostas\" target=\"_blank\" rel=\"noopener\" data-saferedirecturl=\"https:\/\/www.google.com\/url?q=http:\/\/idg.receita.fazenda.gov.br\/orientacao\/tributaria\/cadastros\/cadastro-de-atividades-economicas-da-pessoa-fisica-caepf\/perguntas-e-respostas&amp;source=gmail&amp;ust=1547841450956000&amp;usg=AFQjCNGzvsytdp9SHxk3RpCTt19AVYH1nA\">http:\/\/idg.receita.fazenda.gov.br\/orientacao\/tributaria\/cadastros\/cadastro-de-atividades-economicas-da-pessoa-fisica-caepf\/perguntas-e-respostas<\/a>).<u><\/u><u><\/u><\/p>\n<p class=\"m_1056780949799606752MsoNoSpacing\"><u><\/u>Outro instrumento obrigat\u00f3rio criado pelo Estado \u00e9 o eSocial, que unifica a presta\u00e7\u00e3o das informa\u00e7\u00f5es referentes \u00e0 escritura\u00e7\u00e3o das obriga\u00e7\u00f5es fiscais, previdenci\u00e1rias e trabalhistas.<u><\/u><u><\/u><\/p>\n<p class=\"m_1056780949799606752MsoNoSpacing\">Todos os empregadores s\u00e3o obrigados a utilizar o eSocial. As pessoas jur\u00eddicas ingressaram no eSocial em 2018, com exce\u00e7\u00e3o dos optantes pelo Simples e das empresas sem fins lucrativos.<u><\/u><u><\/u><\/p>\n<p class=\"m_1056780949799606752MsoNoSpacing\"><u><\/u>\u00a0<u><\/u>O prazo para os empregadores rurais pessoas f\u00edsicas se cadastrarem no eSocial, por meio do n\u00famero de inscri\u00e7\u00e3o no CAEPF, come\u00e7ou no dia 10 de janeiro.<u><\/u><u><\/u><\/p>\n<p class=\"m_1056780949799606752MsoNoSpacing\"><u><\/u>Nesta primeira etapa do eSocial, o empregador rural pessoa f\u00edsica deve preencher os eventos relacionados a cadastro e tabelas, conforme disposto na Resolu\u00e7\u00e3o do Comit\u00ea Diretivo do eSocial n\u00famero 5, de outubro de 2018.<u><\/u><u><\/u><\/p>\n<p class=\"m_1056780949799606752MsoNoSpacing\"><u><\/u>Para saber mais sobre o assunto basta acessar a cartilha sobre o eSocial no meio rural que est\u00e1 dispon\u00edvel no site CNA Brasil (<a href=\"http:\/\/www.cnabrasil.org.br\/assets\/arquivos\/esocial_efd_reinf_meiorural.pdf\" target=\"_blank\" rel=\"noopener\" data-saferedirecturl=\"https:\/\/www.google.com\/url?q=http:\/\/www.cnabrasil.org.br\/assets\/arquivos\/esocial_efd_reinf_meiorural.pdf&amp;source=gmail&amp;ust=1547841450956000&amp;usg=AFQjCNGQPC_AuqizX6hqrsvf__jwuMckbQ\">www.cnabrasil.org.br\/assets\/arquivos\/esocial_efd_reinf_meiorural.pdf<\/a>), ou assistir ao v\u00eddeo no endere\u00e7o da entidade (<a href=\"http:\/\/www.cnabrasil.org.br\/paginas-especiais\/entenda-o-esocial-e-a-efd-reinf-no-meio-rural\" target=\"_blank\" rel=\"noopener\" data-saferedirecturl=\"https:\/\/www.google.com\/url?q=http:\/\/www.cnabrasil.org.br\/paginas-especiais\/entenda-o-esocial-e-a-efd-reinf-no-meio-rural&amp;source=gmail&amp;ust=1547841450956000&amp;usg=AFQjCNGvO3N1QX6urBZVEXKPEs7ohKLypw\">www.cnabrasil.org.br\/paginas-especiais\/entenda-o-esocial-e-a-efd-reinf-no-meio-rural<\/a>) .<\/p>\n","protected":false},"excerpt":{"rendered":"<p>A inscri\u00e7\u00e3o para o produtor rural no Cadastro de Atividade Econ\u00f4mica da Pessoa F\u00edsica (CAEPF) \u00e9 obrigat\u00f3ria desde ter\u00e7a (15). O CAEPF \u00e9 o cadastro da Secretaria da Receita Federal do Brasil com informa\u00e7\u00f5es das atividades econ\u00f4micas exercidas pelo produtor e a inscri\u00e7\u00e3o deve ser realizada no Portal e-Cac, no site do \u00f3rg\u00e3o (http:\/\/www.receita.fazenda.gov.br). A [&hellip;]<\/p>\n","protected":false},"author":1,"featured_media":1897,"comment_status":"open","ping_status":"open","sticky":false,"template":"","format":"standard","meta":{"_et_pb_use_builder":"","_et_pb_old_content":"","_et_gb_content_width":"","footnotes":""},"categories":[1],"tags":[],"class_list":["post-1289","post","type-post","status-publish","format-standard","has-post-thumbnail","hentry","category-sem-categoria"],"_links":{"self":[{"href":"https:\/\/sistemafaepa.com.br\/faepa\/wp-json\/wp\/v2\/posts\/1289","targetHints":{"allow":["GET"]}}],"collection":[{"href":"https:\/\/sistemafaepa.com.br\/faepa\/wp-json\/wp\/v2\/posts"}],"about":[{"href":"https:\/\/sistemafaepa.com.br\/faepa\/wp-json\/wp\/v2\/types\/post"}],"author":[{"embeddable":true,"href":"https:\/\/sistemafaepa.com.br\/faepa\/wp-json\/wp\/v2\/users\/1"}],"replies":[{"embeddable":true,"href":"https:\/\/sistemafaepa.com.br\/faepa\/wp-json\/wp\/v2\/comments?post=1289"}],"version-history":[{"count":0,"href":"https:\/\/sistemafaepa.com.br\/faepa\/wp-json\/wp\/v2\/posts\/1289\/revisions"}],"wp:featuredmedia":[{"embeddable":true,"href":"https:\/\/sistemafaepa.com.br\/faepa\/wp-json\/"}],"wp:attachment":[{"href":"https:\/\/sistemafaepa.com.br\/faepa\/wp-json\/wp\/v2\/media?parent=1289"}],"wp:term":[{"taxonomy":"category","embeddable":true,"href":"https:\/\/sistemafaepa.com.br\/faepa\/wp-json\/wp\/v2\/categories?post=1289"},{"taxonomy":"post_tag","embeddable":true,"href":"https:\/\/sistemafaepa.com.br\/faepa\/wp-json\/wp\/v2\/tags?post=1289"}],"curies":[{"name":"wp","href":"https:\/\/api.w.org\/{rel}","templated":true}]}}