{"id":1286,"date":"2019-01-17T10:14:40","date_gmt":"2019-01-17T13:14:40","guid":{"rendered":"http:\/\/sistemafaepa.com.br\/faepa\/2019\/01\/17\/faepa-incentiva-produtor-rural-no-acesso-a-informacoes-do-agronegocio\/"},"modified":"2019-01-17T10:14:40","modified_gmt":"2019-01-17T13:14:40","slug":"faepa-incentiva-produtor-rural-no-acesso-a-informacoes-do-agronegocio","status":"publish","type":"post","link":"https:\/\/sistemafaepa.com.br\/faepa\/faepa-incentiva-produtor-rural-no-acesso-a-informacoes-do-agronegocio\/","title":{"rendered":"FAEPA incentiva produtor rural no acesso a informa\u00e7\u00f5es do agroneg\u00f3cio"},"content":{"rendered":"<p>[et_pb_section fb_built=&#8221;1&#8243; _builder_version=&#8221;3.0.47&#8243;][et_pb_row _builder_version=&#8221;3.0.48&#8243; background_size=&#8221;initial&#8221; background_position=&#8221;top_left&#8221; background_repeat=&#8221;repeat&#8221;][et_pb_column type=&#8221;4_4&#8243; _builder_version=&#8221;3.0.47&#8243; parallax=&#8221;off&#8221; parallax_method=&#8221;on&#8221;][et_pb_text _builder_version=&#8221;3.0.74&#8243; background_size=&#8221;initial&#8221; background_position=&#8221;top_left&#8221; background_repeat=&#8221;repeat&#8221;]O acesso a informa\u00e7\u00e3o contribuem sobremaneira para o desenvolvimento de v\u00e1rios setores da sociedade. Pensando nisso, a Federa\u00e7\u00e3o da Agricultura e Pecu\u00e1ria do Par\u00e1 (Faepa), recebeu, na manh\u00e3 desta quarta-feira (16), uma equipe da r\u00e1dio CBN Bel\u00e9m que apresentou palestra sobre \u201cMercado e Oportunidade de Neg\u00f3cios\u201d.  O objetivo do encontro foi de analisar as a\u00e7\u00f5es de divulga\u00e7\u00e3o do ve\u00edculo de comunica\u00e7\u00e3o no ano de 2018, assim como a prospec\u00e7\u00e3o para este ano. A iniciativa prev\u00ea ainda, a amplia\u00e7\u00e3o do acesso dos produtores rurais a programas de r\u00e1dio com temas relacionados ao agroneg\u00f3cio.<\/p>\n<p>Na ocasi\u00e3o estiveram presentes o t\u00edtular da Faepa, Carlos Xavier, o coordenador de jornalismo da CBN Amaz\u00f4nia Bel\u00e9m, Lucas Medeiros, a gerente executiva da CBN, Danielli Pires, e havia representantes da Federa\u00e7\u00e3o das Ind\u00fastrias do Estado do Par\u00e1 (Fiepa), Sindicato das Ind\u00fastrias Minerais do Par\u00e1 (Simineral), Empresa Brasileira de Pesquisa Agropecu\u00e1ria  (Embrapa), Centro Universit\u00e1rio do Estado do Par\u00e1 (Cesupa) e tamb\u00e9m presidentes de Sindicatos Rurais do Estado.<\/p>\n<p>Segundo o presidente da Faepa, Carlos Xavier, a parceria com a CBN proporciona diversas informa\u00e7\u00f5es que podem auxiliar o produtor rural. \u201cConsidero importante ampliar a not\u00edcia para o interior do Estado. \u00c9 responsabilidade de todos que a sociedade tenha acesso a informa\u00e7\u00e3o e dessa forma facilitar o desenvolvimento do agroneg\u00f3cio\u201d, analisou.<\/p>\n<p>O integrante do Sindicato Rural do munic\u00edpio de Tucuru\u00ed, Jahir Seixas Gon\u00e7alves disse que a maioria dos produtores rurais tem mais acesso as noticias por meio dos programas de r\u00e1dio.  \u201cAcho a iniciativa importante, pois o conhecimento \u00e9 a melhor moeda que n\u00f3s temos. Se n\u00e3o tivermos conhecimento n\u00e3o obteremos sucesso. Se os programas de r\u00e1dio informam os produtores rurais eles podem ter muito mais sucesso no trabalho que desenvolvem\u201d, afirmou.<\/p>\n<p>A frente do Programa Amaz\u00f4nia Agroneg\u00f3cio, Douglas Dinelly informou que aos s\u00e1bados, \u00e0s 8h15, o produtor rural j\u00e1 pode ter acesso a diversas informa\u00e7\u00f5es como, por exemplo, os calend\u00e1rios de eventos referentes ao homem do campo.<\/p>\n<p>\u201cTemos tamb\u00e9m informa\u00e7\u00f5es sobre data de vacinas que visa atender o setor pecuarista. Fizemos ainda uma s\u00e9rie sobre frutas econ\u00f4micas do Par\u00e1, com a entrevista de t\u00e9cnicos que possam orientar sobre pragas e cultivo. O programa tamb\u00e9m quer destacar a import\u00e2ncia do setor para a sociedade\u201d, enfatizou.<\/p>\n<p>O coordenador de Jornalismo da CBN Amaz\u00f4nia Bel\u00e9m, Lucas Medeiros, contou que o veiculo de comunica\u00e7\u00e3o est\u00e1 na capital paraense h\u00e1 6 meses. \u201cO agroneg\u00f3cio \u00e9 importante setor produtivo do estado do Par\u00e1, por isso vimos a necessidade de informar como a grade de programa\u00e7\u00e3o da r\u00e1dio tem espa\u00e7o para este tipo de tema\u201d, explicou.[\/et_pb_text][\/et_pb_column][\/et_pb_row][\/et_pb_section]<\/p>\n","protected":false},"excerpt":{"rendered":"<p>O acesso a informa\u00e7\u00e3o contribuem sobremaneira para o desenvolvimento de v\u00e1rios setores da sociedade. Pensando nisso, a Federa\u00e7\u00e3o da Agricultura e Pecu\u00e1ria do Par\u00e1 (Faepa), recebeu, na manh\u00e3 desta quarta-feira (16), uma equipe da r\u00e1dio CBN Bel\u00e9m que apresentou palestra sobre \u201cMercado e Oportunidade de Neg\u00f3cios\u201d. O objetivo do encontro foi de analisar as a\u00e7\u00f5es [&hellip;]<\/p>\n","protected":false},"author":1,"featured_media":1287,"comment_status":"open","ping_status":"open","sticky":false,"template":"","format":"standard","meta":{"_et_pb_use_builder":"on","_et_pb_old_content":"O acesso a informa\u00e7\u00e3o contribuem sobremaneira para o desenvolvimento de v\u00e1rios setores da sociedade. Pensando nisso, a Federa\u00e7\u00e3o da Agricultura e Pecu\u00e1ria do Par\u00e1 (Faepa), recebeu, na manh\u00e3 desta quarta-feira (16), uma equipe da r\u00e1dio CBN Bel\u00e9m que apresentou palestra sobre \u201cMercado e Oportunidade de Neg\u00f3cios\u201d.  O objetivo do encontro foi de analisar as a\u00e7\u00f5es de divulga\u00e7\u00e3o do ve\u00edculo de comunica\u00e7\u00e3o no ano de 2018, assim como a prospec\u00e7\u00e3o para este ano. A iniciativa prev\u00ea ainda, a amplia\u00e7\u00e3o do acesso dos produtores rurais a programas de r\u00e1dio com temas relacionados ao agroneg\u00f3cio.\n\nNa ocasi\u00e3o estiveram presentes o t\u00edtular da Faepa, Carlos Xavier, o coordenador de jornalismo da CBN Amaz\u00f4nia Bel\u00e9m, Lucas Medeiros, a gerente executiva da CBN, Danielli Pires, e havia representantes da Federa\u00e7\u00e3o das Ind\u00fastrias do Estado do Par\u00e1 (Fiepa), Sindicato das Ind\u00fastrias Minerais do Par\u00e1 (Simineral), Empresa Brasileira de Pesquisa Agropecu\u00e1ria  (Embrapa), Centro Universit\u00e1rio do Estado do Par\u00e1 (Cesupa) e tamb\u00e9m presidentes de Sindicatos Rurais do Estado.\n\nSegundo o presidente da Faepa, Carlos Xavier, a parceria com a CBN proporciona diversas informa\u00e7\u00f5es que podem auxiliar o produtor rural. \u201cConsidero importante ampliar a not\u00edcia para o interior do Estado. \u00c9 responsabilidade de todos que a sociedade tenha acesso a informa\u00e7\u00e3o e dessa forma facilitar o desenvolvimento do agroneg\u00f3cio\u201d, analisou.\n\nO integrante do Sindicato Rural do munic\u00edpio de Tucuru\u00ed, Jahir Seixas Gon\u00e7alves disse que a maioria dos produtores rurais tem mais acesso as noticias por meio dos programas de r\u00e1dio.  \u201cAcho a iniciativa importante, pois o conhecimento \u00e9 a melhor moeda que n\u00f3s temos. Se n\u00e3o tivermos conhecimento n\u00e3o obteremos sucesso. Se os programas de r\u00e1dio informam os produtores rurais eles podem ter muito mais sucesso no trabalho que desenvolvem\u201d, afirmou.\n\nA frente do Programa Amaz\u00f4nia Agroneg\u00f3cio, Douglas Dinelly informou que aos s\u00e1bados, \u00e0s 8h15, o produtor rural j\u00e1 pode ter acesso a diversas informa\u00e7\u00f5es como, por exemplo, os calend\u00e1rios de eventos referentes ao homem do campo.\n\n\u201cTemos tamb\u00e9m informa\u00e7\u00f5es sobre data de vacinas que visa atender o setor pecuarista. Fizemos ainda uma s\u00e9rie sobre frutas econ\u00f4micas do Par\u00e1, com a entrevista de t\u00e9cnicos que possam orientar sobre pragas e cultivo. O programa tamb\u00e9m quer destacar a import\u00e2ncia do setor para a sociedade\u201d, enfatizou.\n\nO coordenador de Jornalismo da CBN Amaz\u00f4nia Bel\u00e9m, Lucas Medeiros, contou que o veiculo de comunica\u00e7\u00e3o est\u00e1 na capital paraense h\u00e1 6 meses. \u201cO agroneg\u00f3cio \u00e9 importante setor produtivo do estado do Par\u00e1, por isso vimos a necessidade de informar como a grade de programa\u00e7\u00e3o da r\u00e1dio tem espa\u00e7o para este tipo de tema\u201d, explicou.","_et_gb_content_width":"","footnotes":""},"categories":[1,2],"tags":[],"class_list":["post-1286","post","type-post","status-publish","format-standard","has-post-thumbnail","hentry","category-sem-categoria","category-uncategorized"],"_links":{"self":[{"href":"https:\/\/sistemafaepa.com.br\/faepa\/wp-json\/wp\/v2\/posts\/1286","targetHints":{"allow":["GET"]}}],"collection":[{"href":"https:\/\/sistemafaepa.com.br\/faepa\/wp-json\/wp\/v2\/posts"}],"about":[{"href":"https:\/\/sistemafaepa.com.br\/faepa\/wp-json\/wp\/v2\/types\/post"}],"author":[{"embeddable":true,"href":"https:\/\/sistemafaepa.com.br\/faepa\/wp-json\/wp\/v2\/users\/1"}],"replies":[{"embeddable":true,"href":"https:\/\/sistemafaepa.com.br\/faepa\/wp-json\/wp\/v2\/comments?post=1286"}],"version-history":[{"count":0,"href":"https:\/\/sistemafaepa.com.br\/faepa\/wp-json\/wp\/v2\/posts\/1286\/revisions"}],"wp:featuredmedia":[{"embeddable":true,"href":"https:\/\/sistemafaepa.com.br\/faepa\/wp-json\/"}],"wp:attachment":[{"href":"https:\/\/sistemafaepa.com.br\/faepa\/wp-json\/wp\/v2\/media?parent=1286"}],"wp:term":[{"taxonomy":"category","embeddable":true,"href":"https:\/\/sistemafaepa.com.br\/faepa\/wp-json\/wp\/v2\/categories?post=1286"},{"taxonomy":"post_tag","embeddable":true,"href":"https:\/\/sistemafaepa.com.br\/faepa\/wp-json\/wp\/v2\/tags?post=1286"}],"curies":[{"name":"wp","href":"https:\/\/api.w.org\/{rel}","templated":true}]}}