{"id":1278,"date":"2019-01-16T18:59:03","date_gmt":"2019-01-16T21:59:03","guid":{"rendered":"http:\/\/sistemafaepa.com.br\/faepa\/2019\/01\/16\/faculdade-cna-oferta-5-cursos-de-graduacao-no-para\/"},"modified":"2019-01-16T18:59:03","modified_gmt":"2019-01-16T21:59:03","slug":"faculdade-cna-oferta-5-cursos-de-graduacao-no-para","status":"publish","type":"post","link":"https:\/\/sistemafaepa.com.br\/faepa\/faculdade-cna-oferta-5-cursos-de-graduacao-no-para\/","title":{"rendered":"Faculdade CNA oferta 5 cursos de gradua\u00e7\u00e3o no Par\u00e1"},"content":{"rendered":"<p align=\"justify\">Est\u00e3o abertas as inscri\u00e7\u00f5es para a Faculdade CNA, primeira institui\u00e7\u00e3o de ensino superior voltada exclusivamente para o agroneg\u00f3cio, ofertando vagas no Polo de Santa Isabel do Par\u00e1- PA para cinco cursos de gradua\u00e7\u00e3o: Gest\u00e3o do Agroneg\u00f3cio, Gest\u00e3o Ambiental, Gest\u00e3o de Recursos Humanos, Processos Gerenciais e Log\u00edstica. Os cursos totalmente a dist\u00e2ncia ter\u00e3o dura\u00e7\u00e3o de 2 anos, com exce\u00e7\u00e3o do Gest\u00e3o do Agroneg\u00f3cio, que \u00e9 de 3 anos e o valor promocional com 50% de desconto para investimento mensal \u00e9 de apenas R$ 179,00.<\/p>\n<p align=\"justify\">As inscri\u00e7\u00f5es podem ser feitas atrav\u00e9s do site da Faculdade CNA <a href=\"http:\/\/www.faculdadecna.com.br\/\">http:\/\/www.faculdadecna.com.br<\/a> ou atrav\u00e9s do Polo de Santa Izabel do Par\u00e1. Para mais informa\u00e7\u00f5es, entre em contato nos telefones (91) 3744 1561 ou 3744 4644.<\/p>\n<p align=\"justify\">Podem inscrever-se no processo seletivo, os candidatos que j\u00e1 tenham conclu\u00eddo o ensino m\u00e9dio ou equivalente, que t\u00eam a op\u00e7\u00e3o de ingressar pelo vestibular ou utilizando a nota do Exame Nacional do Ensino M\u00e9dio (Enem). Para utilizar a nota do Enem, os candidatos precisam ter nota igual ou superior a 250 pontos em uma das provas dos \u00faltimos tr\u00eas anos do Enem de 2016, 2017 e 2018.<\/p>\n<p align=\"justify\">O processo seletivo para as pessoas que j\u00e1 t\u00eam curso superior ser\u00e1 realizado por meio de an\u00e1lise documental. O candidato que optar pelo vestibular precisa comparecer ao polo de Santa Isabel do Par\u00e1 para a realiza\u00e7\u00e3o da prova de Reda\u00e7\u00e3o, no dia agendado no momento da inscri\u00e7\u00e3o.<\/p>\n<p align=\"justify\">Os interessados em ingressar na Faculdade CNA t\u00eam at\u00e9 final de fevereiro\/2019 para realizar a inscri\u00e7\u00e3o. O in\u00edcio das aulas est\u00e1 previsto para acontecer no dia 6 de agosto.<\/p>\n<p align=\"justify\"><strong>SAIBA MAIS<\/strong><\/p>\n<p align=\"justify\"><strong>CURSOS DE GRADUA\u00c7\u00c3O OFERTADOS<\/strong><\/p>\n<ol>\n<li>\n<p align=\"justify\">Gest\u00e3o do Agroneg\u00f3cio<\/p>\n<\/li>\n<li>\n<p align=\"justify\">Gest\u00e3o Ambiental<\/p>\n<\/li>\n<li>\n<p align=\"justify\">Gest\u00e3o de Recursos Humanos<\/p>\n<\/li>\n<li>\n<p align=\"justify\">Processos Gerenciais<\/p>\n<\/li>\n<li>\n<p align=\"justify\">Log\u00edstica<\/p>\n<\/li>\n<\/ol>\n<p align=\"justify\"><strong>FORMAS DE INGRESSO NOS CURSOS DE GRADUA\u00c7\u00c3O<\/strong><\/p>\n<ol>\n<li>\n<p align=\"justify\">Para quem j\u00e1 tem gradua\u00e7\u00e3o de n\u00edvel superior: diploma e hist\u00f3rico escolar<\/p>\n<\/li>\n<li>\n<p align=\"justify\">Para quem concluiu o ensino m\u00e9dio ou equivalente: atrav\u00e9s do vestibular ou utilizando a nota do Enem dos \u00faltimos tr\u00eas anos<\/p>\n<\/li>\n<\/ol>\n<p align=\"justify\">\nValor do Investimento: R$179,00 mensais<\/p>\n<p align=\"justify\">Per\u00edodo da inscri\u00e7\u00e3o: at\u00e9 final de fevereiro\/2019<\/p>\n<p align=\"justify\">In\u00edcio das aulas: In\u00edcio de mar\u00e7o<\/p>\n<p align=\"justify\"><strong>DOCUMENTOS PARA A INSCRI\u00c7\u00c3O<\/strong><\/p>\n<p align=\"justify\">-Certificado \/Diploma de Gradua\u00e7\u00e3o (obrigat\u00f3rio apenas para candidatos em 2a gradua\u00e7\u00e3o)<\/p>\n<p align=\"justify\">-Hist\u00f3rico do Curso de Gradua\u00e7\u00e3o (Obrigat\u00f3rio)<\/p>\n<p align=\"justify\">-Ementas\/ Programas das Disciplinas Cursadas na institui\u00e7\u00e3o de origem<\/p>\n<p align=\"justify\"><strong>DOCUMENTOS PARA A MATR\u00cdCULA<\/strong><\/p>\n<p align=\"justify\">Carteira de Identidade<\/p>\n<p align=\"justify\">CPF<\/p>\n<p align=\"justify\">Hist\u00f3rico da Gradua\u00e7\u00e3o ou equivalente<\/p>\n<p align=\"justify\">1 foto 3\u00d74<\/p>\n<p align=\"justify\">Contrato de Presta\u00e7\u00e3o de Servi\u00e7os Educacionais ( Imprimir no Portal do Estudante)<\/p>\n<p align=\"justify\">Comprovante de resid\u00eancia atualizado<\/p>\n<p align=\"justify\">Confira os detalhes do Edital de Inscri\u00e7\u00e3o, ou acesse http:\/\/www.faculdadecna.com.br\/<\/p>\n","protected":false},"excerpt":{"rendered":"<p>Est\u00e3o abertas as inscri\u00e7\u00f5es para a Faculdade CNA, primeira institui\u00e7\u00e3o de ensino superior voltada exclusivamente para o agroneg\u00f3cio, ofertando vagas no Polo de Santa Isabel do Par\u00e1- PA para cinco cursos de gradua\u00e7\u00e3o: Gest\u00e3o do Agroneg\u00f3cio, Gest\u00e3o Ambiental, Gest\u00e3o de Recursos Humanos, Processos Gerenciais e Log\u00edstica. Os cursos totalmente a dist\u00e2ncia ter\u00e3o dura\u00e7\u00e3o de 2 [&hellip;]<\/p>\n","protected":false},"author":1,"featured_media":1870,"comment_status":"open","ping_status":"open","sticky":false,"template":"","format":"standard","meta":{"_et_pb_use_builder":"","_et_pb_old_content":"","_et_gb_content_width":"","footnotes":""},"categories":[1],"tags":[],"class_list":["post-1278","post","type-post","status-publish","format-standard","has-post-thumbnail","hentry","category-sem-categoria"],"_links":{"self":[{"href":"https:\/\/sistemafaepa.com.br\/faepa\/wp-json\/wp\/v2\/posts\/1278","targetHints":{"allow":["GET"]}}],"collection":[{"href":"https:\/\/sistemafaepa.com.br\/faepa\/wp-json\/wp\/v2\/posts"}],"about":[{"href":"https:\/\/sistemafaepa.com.br\/faepa\/wp-json\/wp\/v2\/types\/post"}],"author":[{"embeddable":true,"href":"https:\/\/sistemafaepa.com.br\/faepa\/wp-json\/wp\/v2\/users\/1"}],"replies":[{"embeddable":true,"href":"https:\/\/sistemafaepa.com.br\/faepa\/wp-json\/wp\/v2\/comments?post=1278"}],"version-history":[{"count":0,"href":"https:\/\/sistemafaepa.com.br\/faepa\/wp-json\/wp\/v2\/posts\/1278\/revisions"}],"wp:featuredmedia":[{"embeddable":true,"href":"https:\/\/sistemafaepa.com.br\/faepa\/wp-json\/"}],"wp:attachment":[{"href":"https:\/\/sistemafaepa.com.br\/faepa\/wp-json\/wp\/v2\/media?parent=1278"}],"wp:term":[{"taxonomy":"category","embeddable":true,"href":"https:\/\/sistemafaepa.com.br\/faepa\/wp-json\/wp\/v2\/categories?post=1278"},{"taxonomy":"post_tag","embeddable":true,"href":"https:\/\/sistemafaepa.com.br\/faepa\/wp-json\/wp\/v2\/tags?post=1278"}],"curies":[{"name":"wp","href":"https:\/\/api.w.org\/{rel}","templated":true}]}}