{"id":1272,"date":"2019-01-11T11:16:52","date_gmt":"2019-01-11T14:16:52","guid":{"rendered":"http:\/\/sistemafaepa.com.br\/faepa\/2019\/01\/11\/nota-a-imprensa\/"},"modified":"2019-01-11T11:16:52","modified_gmt":"2019-01-11T14:16:52","slug":"nota-a-imprensa","status":"publish","type":"post","link":"https:\/\/sistemafaepa.com.br\/faepa\/nota-a-imprensa\/","title":{"rendered":"Nota \u00e0 imprensa"},"content":{"rendered":"<p><span style=\"font-weight: 400\">A Federa\u00e7\u00e3o da Agricultura e Pecu\u00e1ria do Par\u00e1 (Faepa) esclarece que na \u00faltima quinta-feira (3), representantes do pecuarista Luciano Guedes compareceram a Institui\u00e7\u00e3o com o objetivo de registrar uma chapa para concorrer \u00e0s elei\u00e7\u00f5es de 2019. Sendo assim, de imediato, tr\u00eas pessoas foram atendidas pela assessoria da Federa\u00e7\u00e3o.<\/span><\/p>\n<p>&nbsp;<\/p>\n<p><span style=\"font-weight: 400\">Informamos ainda que, ap\u00f3s o registro, come\u00e7ou uma s\u00e9rie de tumultos e provoca\u00e7\u00f5es feitas pelos procuradores de Luciano Guedes. Na ocasi\u00e3o eles pediram informa\u00e7\u00f5es referentes \u00e0 chapa concorrente. Contudo, esse n\u00e3o seria, ainda, o momento para a entrega das informa\u00e7\u00f5es solicitadas. Cada grupo dever\u00e1 ter o dom\u00ednio da sua chapa que, nesse momento, est\u00e1 em processo de an\u00e1lise com o prop\u00f3sito de verificar se a documenta\u00e7\u00e3o atende \u00e0s normas do Estatuto.<\/span><\/p>\n<p>&nbsp;<\/p>\n<p><span style=\"font-weight: 400\">A Federa\u00e7\u00e3o esclarece, tamb\u00e9m, que os funcion\u00e1rios presentes passaram por v\u00e1rias situa\u00e7\u00f5es de constrangimento e os representantes de Luciano falavam alto. Desde a chegada \u00e0 recep\u00e7\u00e3o da Federa\u00e7\u00e3o filmavam todos os fatos, e mesmo assim n\u00e3o foram impedidos ou desrespeitados. Ao final do dia, quando o expediente acabou, se negaram a sair do pr\u00e9dio constrangendo o agente de portaria.<\/span><\/p>\n<p>&nbsp;<\/p>\n<p><span style=\"font-weight: 400\">A Faepa enfatiza, finalmente, que em mais de seis d\u00e9cadas de sua hist\u00f3ria, sempre respeitou os princ\u00edpios de democracia e de transpar\u00eancia, e que por isso considera importante levar a conhecimento o ocorrido. As provid\u00eancias legais est\u00e3o sendo tomadas, para que fatos desta natureza n\u00e3o venham mais a ocorrer.<\/span><\/p>\n<p>Assessoria de Comunica\u00e7\u00e3o &#8211; Ascom Sistema FAEPA<br \/><\/p>\n","protected":false},"excerpt":{"rendered":"<p>A Federa\u00e7\u00e3o da Agricultura e Pecu\u00e1ria do Par\u00e1 (Faepa) esclarece que na \u00faltima quinta-feira (3), representantes do pecuarista Luciano Guedes compareceram a Institui\u00e7\u00e3o com o objetivo de registrar uma chapa para concorrer \u00e0s elei\u00e7\u00f5es de 2019. Sendo assim, de imediato, tr\u00eas pessoas foram atendidas pela assessoria da Federa\u00e7\u00e3o. &nbsp; Informamos ainda que, ap\u00f3s o registro, [&hellip;]<\/p>\n","protected":false},"author":1,"featured_media":0,"comment_status":"open","ping_status":"open","sticky":false,"template":"","format":"standard","meta":{"_et_pb_use_builder":"","_et_pb_old_content":"","_et_gb_content_width":"","footnotes":""},"categories":[1,2],"tags":[],"class_list":["post-1272","post","type-post","status-publish","format-standard","hentry","category-sem-categoria","category-uncategorized"],"_links":{"self":[{"href":"https:\/\/sistemafaepa.com.br\/faepa\/wp-json\/wp\/v2\/posts\/1272","targetHints":{"allow":["GET"]}}],"collection":[{"href":"https:\/\/sistemafaepa.com.br\/faepa\/wp-json\/wp\/v2\/posts"}],"about":[{"href":"https:\/\/sistemafaepa.com.br\/faepa\/wp-json\/wp\/v2\/types\/post"}],"author":[{"embeddable":true,"href":"https:\/\/sistemafaepa.com.br\/faepa\/wp-json\/wp\/v2\/users\/1"}],"replies":[{"embeddable":true,"href":"https:\/\/sistemafaepa.com.br\/faepa\/wp-json\/wp\/v2\/comments?post=1272"}],"version-history":[{"count":0,"href":"https:\/\/sistemafaepa.com.br\/faepa\/wp-json\/wp\/v2\/posts\/1272\/revisions"}],"wp:attachment":[{"href":"https:\/\/sistemafaepa.com.br\/faepa\/wp-json\/wp\/v2\/media?parent=1272"}],"wp:term":[{"taxonomy":"category","embeddable":true,"href":"https:\/\/sistemafaepa.com.br\/faepa\/wp-json\/wp\/v2\/categories?post=1272"},{"taxonomy":"post_tag","embeddable":true,"href":"https:\/\/sistemafaepa.com.br\/faepa\/wp-json\/wp\/v2\/tags?post=1272"}],"curies":[{"name":"wp","href":"https:\/\/api.w.org\/{rel}","templated":true}]}}