{"id":1267,"date":"2018-11-29T16:41:23","date_gmt":"2018-11-29T19:41:23","guid":{"rendered":"http:\/\/sistemafaepa.com.br\/faepa\/2018\/11\/29\/agrobrazil-encerra-4a-edicao-com-visita-a-parque-tecnologico\/"},"modified":"2018-11-29T16:41:23","modified_gmt":"2018-11-29T19:41:23","slug":"agrobrazil-encerra-4a-edicao-com-visita-a-parque-tecnologico","status":"publish","type":"post","link":"https:\/\/sistemafaepa.com.br\/faepa\/agrobrazil-encerra-4a-edicao-com-visita-a-parque-tecnologico\/","title":{"rendered":"Agrobrazil encerra 4\u00aa edi\u00e7\u00e3o com visita a parque tecnol\u00f3gico"},"content":{"rendered":"<p><strong>Bel\u00e9m, Par\u00e1 (29\/11\/2018)<\/strong>\u00a0\u2013 Ap\u00f3s tr\u00eas dias de programa\u00e7\u00e3o, a 4\u00aa edi\u00e7\u00e3o do Programa de Interc\u00e2mbio AgroBrazil chegou ao fim. A \u00faltima visita foi nesta quinta (29) no Parque de Ci\u00eancia e Tecnologia Guam\u00e1 (PCT Guam\u00e1), em Bel\u00e9m (PA).<\/p>\n<p>A iniciativa, promovida pela Confedera\u00e7\u00e3o da Agricultura e Pecu\u00e1ria do Brasil (CNA), levou adidos agr\u00edcolas e representantes de oito pa\u00edses \u2013 Hungria, Tail\u00e2ndia, Mal\u00e1sia, Vietn\u00e3, China, Estados Unidos, Fran\u00e7a e Myanmar \u2013 para conhecer a produ\u00e7\u00e3o agr\u00edcola e pecu\u00e1ria paraense.<\/p>\n<p>Criado em 2010, o PCT Guam\u00e1 \u00e9 o primeiro parque tecnol\u00f3gico a entrar em opera\u00e7\u00e3o na Amaz\u00f4nia. \u201cO parque \u00e9 um diferencial de conhecimento e inova\u00e7\u00e3o para a economia local. O objetivo \u00e9 estimular a pesquisa aplicada e o empreendedorismo inovador\u201d, afirmou o diretor administrativo financeiro, M\u00e1rcio Roberto.<\/p>\n<p>A delega\u00e7\u00e3o visitou os laborat\u00f3rios de estudo e extra\u00e7\u00e3o de \u00f3leos vegetais e derivados e o Centro de Valoriza\u00e7\u00e3o de Compostos Bioativos da Amaz\u00f4nia (CVACBA), ambos ligados \u00e0 Universidade Federal do Par\u00e1 (UFPA).<\/p>\n<figure><img decoding=\"async\" src=\"https:\/\/www.cnabrasil.org.br\/assets\/images\/AGROBRAZIL-1.jpg\" data-image=\"111250\" \/><\/figure>\n<p>\u201cNossos laborat\u00f3rios est\u00e3o habilitados a atender a demanda crescente. Temos pesquisas na \u00e1rea de biotecnologia, onde aspectos e produtos derivados da cadeia produtiva de frutas, como a\u00e7a\u00ed e cacau s\u00e3o trabalhados\u201d.<\/p>\n<p>A comitiva tamb\u00e9m conheceu o Ver-o-Fruto, startup residente no coworking do PCT Guam\u00e1, que trabalha com a produ\u00e7\u00e3o de carv\u00e3o ativado a partir de res\u00edduos da agroind\u00fastria.<\/p>\n<p>Depois de uma semana de programa\u00e7\u00e3o, a assessora t\u00e9cnica da Superintend\u00eancia de Rela\u00e7\u00f5es Internacionais da CNA, Layanne Vasconcellos, acredita que os adidos agr\u00edcolas agora ter\u00e3o uma vis\u00e3o real da produ\u00e7\u00e3o agropecu\u00e1ria brasileira.<\/p>\n<p>\u201cEles tiveram a oportunidade de ver in loco como tudo \u00e9 produzido, principalmente as dificuldades com log\u00edstica, onde o barco e o avi\u00e3o t\u00eam papel fundamental no deslocamento. Ouvi de muitos deles que o Brasil realmente se destaca na produ\u00e7\u00e3o agr\u00edcola e na preserva\u00e7\u00e3o\u201d.<\/p>\n<p>Segundo ela, o Par\u00e1 se difere das outras regi\u00f5es visitadas pelo AgroBrazil devido ao desafio log\u00edstico de exportar os produtos e \u00e0 preserva\u00e7\u00e3o ambiental, uma vez que na regi\u00e3o Amaz\u00f4nica, o produtor rural tem a obriga\u00e7\u00e3o de preservar 80% da propriedade.<\/p>\n<p>\u201cAqui h\u00e1 uma produ\u00e7\u00e3o extrativista em locais de dif\u00edcil acesso. Essa edi\u00e7\u00e3o tamb\u00e9m foi importante para que os adidos vissem como os paraenses produzem frutas, como o cacau, a\u00e7a\u00ed, no mesmo espa\u00e7o\u201d, disse Layanne.<\/p>\n<p>A primeira secret\u00e1ria na Embaixada da Tail\u00e2ndia no Brasil, Phitchanan Panadamrong, participou da 3\u00aa edi\u00e7\u00e3o do Programa e afirmou que a regi\u00e3o Norte \u00e9 diferente das outras, mas \u00e9 similar ao seu pa\u00eds.<\/p>\n<p>\u201cN\u00f3s visitamos uma fazenda produtora de palma e foi uma experi\u00eancia incr\u00edvel, pois a Tail\u00e2ndia e o Brasil se destacam por seus produtos. Tamb\u00e9m vimos a produ\u00e7\u00e3o de cacau e de chocolates org\u00e2nicos e foi muito interessante, porque quando falamos em chocolate, pensamos s\u00f3 na Europa, mas no Brasil tem muitos produtos, inclusive o chocolate\u201d.<\/p>\n<p><em>Assessoria de Comunica\u00e7\u00e3o CNA\/SENAR<br \/>\nTelefone: (61) 2109 1419<br \/>\nflickr.com\/photos\/canaldoprodutor<br \/>\ncnabrasil.org.brhttps:\/\/www.cnabrasil.org.br\/admin\/entries\/noticias\/new#<br \/>\ntwitter.com\/SistemaCNA<br \/>\nfacebook.com\/SistemaCNA<br \/>\ninstagram.com\/SistemaCNA<br \/>\nfacebook.com\/SENARBrasil<\/em><\/p>\n","protected":false},"excerpt":{"rendered":"<p>Bel\u00e9m, Par\u00e1 (29\/11\/2018)\u00a0\u2013 Ap\u00f3s tr\u00eas dias de programa\u00e7\u00e3o, a 4\u00aa edi\u00e7\u00e3o do Programa de Interc\u00e2mbio AgroBrazil chegou ao fim. A \u00faltima visita foi nesta quinta (29) no Parque de Ci\u00eancia e Tecnologia Guam\u00e1 (PCT Guam\u00e1), em Bel\u00e9m (PA). A iniciativa, promovida pela Confedera\u00e7\u00e3o da Agricultura e Pecu\u00e1ria do Brasil (CNA), levou adidos agr\u00edcolas e representantes [&hellip;]<\/p>\n","protected":false},"author":1,"featured_media":1268,"comment_status":"open","ping_status":"open","sticky":false,"template":"","format":"standard","meta":{"_et_pb_use_builder":"","_et_pb_old_content":"","_et_gb_content_width":"","footnotes":""},"categories":[1],"tags":[],"class_list":["post-1267","post","type-post","status-publish","format-standard","has-post-thumbnail","hentry","category-sem-categoria"],"_links":{"self":[{"href":"https:\/\/sistemafaepa.com.br\/faepa\/wp-json\/wp\/v2\/posts\/1267","targetHints":{"allow":["GET"]}}],"collection":[{"href":"https:\/\/sistemafaepa.com.br\/faepa\/wp-json\/wp\/v2\/posts"}],"about":[{"href":"https:\/\/sistemafaepa.com.br\/faepa\/wp-json\/wp\/v2\/types\/post"}],"author":[{"embeddable":true,"href":"https:\/\/sistemafaepa.com.br\/faepa\/wp-json\/wp\/v2\/users\/1"}],"replies":[{"embeddable":true,"href":"https:\/\/sistemafaepa.com.br\/faepa\/wp-json\/wp\/v2\/comments?post=1267"}],"version-history":[{"count":0,"href":"https:\/\/sistemafaepa.com.br\/faepa\/wp-json\/wp\/v2\/posts\/1267\/revisions"}],"wp:featuredmedia":[{"embeddable":true,"href":"https:\/\/sistemafaepa.com.br\/faepa\/wp-json\/"}],"wp:attachment":[{"href":"https:\/\/sistemafaepa.com.br\/faepa\/wp-json\/wp\/v2\/media?parent=1267"}],"wp:term":[{"taxonomy":"category","embeddable":true,"href":"https:\/\/sistemafaepa.com.br\/faepa\/wp-json\/wp\/v2\/categories?post=1267"},{"taxonomy":"post_tag","embeddable":true,"href":"https:\/\/sistemafaepa.com.br\/faepa\/wp-json\/wp\/v2\/tags?post=1267"}],"curies":[{"name":"wp","href":"https:\/\/api.w.org\/{rel}","templated":true}]}}