{"id":1265,"date":"2018-11-07T16:51:38","date_gmt":"2018-11-07T19:51:38","guid":{"rendered":"http:\/\/sistemafaepa.com.br\/faepa\/2018\/11\/07\/sistema-faepa-senar-participa-do-avefest-2018\/"},"modified":"2018-11-07T16:51:38","modified_gmt":"2018-11-07T19:51:38","slug":"sistema-faepa-senar-participa-do-avefest-2018","status":"publish","type":"post","link":"https:\/\/sistemafaepa.com.br\/faepa\/sistema-faepa-senar-participa-do-avefest-2018\/","title":{"rendered":"Sistema Faepa\/Senar participa do Avefest 2018"},"content":{"rendered":"<p class=\"western\">Segue at\u00e9 s\u00e1bado (10), em Santa Isabel do Par\u00e1, a Feira de Avicultura do Estado do Par\u00e1 &#8211; Avefest 2018. Em sua nona edi\u00e7\u00e3o, o evento cujo tema \u00e9: \u201cInova\u00e7\u00f5es para a avicultura paraense\u201d, \u00e9 promovido pelo Sindicato de Produtores Rurais de Santa Isabel do Par\u00e1 e Santo Ant\u00f4nio do Tau\u00e1 (Sinpriz), com v\u00e1rias parcerias, entre as quais o Sistema Faepa\/ Senar.<\/p>\n<p class=\"western\">Considerado Patrim\u00f4nio Cultural de Natureza imaterial do Estado do Par\u00e1, o Avefest \u00e9 o maior do setor av\u00edcola da regi\u00e3o Norte do pa\u00eds. O munic\u00edpio de Santa Isabel do Par\u00e1 e entorno, representam hoje 82% da produ\u00e7\u00e3o de frango de corte e 93% da produ\u00e7\u00e3o de ovos do estado do Par\u00e1.<\/p>\n<p class=\"western\">\u201cUma cadeia produtiva cada vez mais forte, sin\u00f4nimo de emprego, renda, desenvolvimento econ\u00f4mico e social\u201d, assim definem os organizadores do evento, que \u00e9 uma vitrine das tend\u00eancias de produ\u00e7\u00e3o e consumo, mercado e tecnologia.<\/p>\n<p class=\"western\">O Senar est\u00e1 presente fazendo mobiliza\u00e7\u00e3o de produtores, promovendo cursos de capacita\u00e7\u00e3o nas \u00e1reas de Inclus\u00e3o Digital, Artesanato e Fruticultura, bem como oficinas de Beneficiamento de Pescado, com o Mestre em Aquicultura, Benedito Amorim Neto, Derivados do Leite, com o Mestre em Desenvolvimento Sustent\u00e1vel e Doutor em Educa\u00e7\u00e3o do Campo, Pedro Marcelo dos Santos Sousa, e ainda, Caf\u00e9 da Manh\u00e3 Rural, com Denise Sousa Pereira.<\/p>\n<p class=\"western\">O p\u00fablico do evento \u00e9 formado por fornecedores de insumos e equipamentos, compradores, pol\u00edticos, t\u00e9cnicos, pesquisadores, consultores, estudantes da \u00e1rea, e pessoas das comunidades.<\/p>\n<p class=\"western\">Na sede do Sindicato, a partir das 17h, tem apresenta\u00e7\u00e3o de m\u00fasica ao vivo. J\u00e1 no dia 10, haver\u00e1 uma programa\u00e7\u00e3o especial de encerramento com almo\u00e7o e sorteio de pr\u00eamios.<\/p>\n<p class=\"western\">Para mais informa\u00e7\u00f5es, acesse o site <a class=\"western\" href=\"https:\/\/www.avefest.com.br\/\">https:\/\/www.avefest.com.br\/<\/a><\/p>\n","protected":false},"excerpt":{"rendered":"<p>Segue at\u00e9 s\u00e1bado (10), em Santa Isabel do Par\u00e1, a Feira de Avicultura do Estado do Par\u00e1 &#8211; Avefest 2018. Em sua nona edi\u00e7\u00e3o, o evento cujo tema \u00e9: \u201cInova\u00e7\u00f5es para a avicultura paraense\u201d, \u00e9 promovido pelo Sindicato de Produtores Rurais de Santa Isabel do Par\u00e1 e Santo Ant\u00f4nio do Tau\u00e1 (Sinpriz), com v\u00e1rias parcerias, [&hellip;]<\/p>\n","protected":false},"author":1,"featured_media":1266,"comment_status":"open","ping_status":"open","sticky":false,"template":"","format":"standard","meta":{"_et_pb_use_builder":"","_et_pb_old_content":"","_et_gb_content_width":"","footnotes":""},"categories":[1],"tags":[],"class_list":["post-1265","post","type-post","status-publish","format-standard","has-post-thumbnail","hentry","category-sem-categoria"],"_links":{"self":[{"href":"https:\/\/sistemafaepa.com.br\/faepa\/wp-json\/wp\/v2\/posts\/1265","targetHints":{"allow":["GET"]}}],"collection":[{"href":"https:\/\/sistemafaepa.com.br\/faepa\/wp-json\/wp\/v2\/posts"}],"about":[{"href":"https:\/\/sistemafaepa.com.br\/faepa\/wp-json\/wp\/v2\/types\/post"}],"author":[{"embeddable":true,"href":"https:\/\/sistemafaepa.com.br\/faepa\/wp-json\/wp\/v2\/users\/1"}],"replies":[{"embeddable":true,"href":"https:\/\/sistemafaepa.com.br\/faepa\/wp-json\/wp\/v2\/comments?post=1265"}],"version-history":[{"count":0,"href":"https:\/\/sistemafaepa.com.br\/faepa\/wp-json\/wp\/v2\/posts\/1265\/revisions"}],"wp:featuredmedia":[{"embeddable":true,"href":"https:\/\/sistemafaepa.com.br\/faepa\/wp-json\/"}],"wp:attachment":[{"href":"https:\/\/sistemafaepa.com.br\/faepa\/wp-json\/wp\/v2\/media?parent=1265"}],"wp:term":[{"taxonomy":"category","embeddable":true,"href":"https:\/\/sistemafaepa.com.br\/faepa\/wp-json\/wp\/v2\/categories?post=1265"},{"taxonomy":"post_tag","embeddable":true,"href":"https:\/\/sistemafaepa.com.br\/faepa\/wp-json\/wp\/v2\/tags?post=1265"}],"curies":[{"name":"wp","href":"https:\/\/api.w.org\/{rel}","templated":true}]}}