{"id":1229,"date":"2018-10-02T17:22:04","date_gmt":"2018-10-02T20:22:04","guid":{"rendered":"http:\/\/sistemafaepa.com.br\/faepa\/2018\/10\/02\/faepa-recebe-palestra-com-general-do-exercito-paulo-sergio-nogueira-de-oliveira\/"},"modified":"2018-10-02T17:22:04","modified_gmt":"2018-10-02T20:22:04","slug":"faepa-recebe-palestra-com-general-do-exercito-paulo-sergio-nogueira-de-oliveira","status":"publish","type":"post","link":"https:\/\/sistemafaepa.com.br\/faepa\/faepa-recebe-palestra-com-general-do-exercito-paulo-sergio-nogueira-de-oliveira\/","title":{"rendered":"Faepa recebe palestra com General do Ex\u00e9rcito Paulo S\u00e9rgio Nogueira de Oliveira"},"content":{"rendered":"<p>A Federa\u00e7\u00e3o da Agricultura e Pecu\u00e1ria do Par\u00e1 \u2013 FAEPA promove nesta quarta-feira, 3 de outubro, uma palestra\u00a0com o Comandante do Comando Militar do Norte,\u00a0\u00a0General do Ex\u00e9rcito Paulo S\u00e9rgio Nogueira de Oliveira. Evento acontece \u00e0s 9h,\u00a0no Restaurante da FAEPA (Trav. Dr. Moraes, 21,\u00a0\u00a0Pal\u00e1cio da Agricultura, anexo).<\/p>\n","protected":false},"excerpt":{"rendered":"<p>A Federa\u00e7\u00e3o da Agricultura e Pecu\u00e1ria do Par\u00e1 \u2013 FAEPA promove nesta quarta-feira, 3 de outubro, uma palestra\u00a0com o Comandante do Comando Militar do Norte,\u00a0\u00a0General do Ex\u00e9rcito Paulo S\u00e9rgio Nogueira de Oliveira. Evento acontece \u00e0s 9h,\u00a0no Restaurante da FAEPA (Trav. Dr. Moraes, 21,\u00a0\u00a0Pal\u00e1cio da Agricultura, anexo).<\/p>\n","protected":false},"author":1,"featured_media":0,"comment_status":"open","ping_status":"open","sticky":false,"template":"","format":"standard","meta":{"_et_pb_use_builder":"","_et_pb_old_content":"","_et_gb_content_width":"","footnotes":""},"categories":[1],"tags":[],"class_list":["post-1229","post","type-post","status-publish","format-standard","hentry","category-sem-categoria"],"_links":{"self":[{"href":"https:\/\/sistemafaepa.com.br\/faepa\/wp-json\/wp\/v2\/posts\/1229","targetHints":{"allow":["GET"]}}],"collection":[{"href":"https:\/\/sistemafaepa.com.br\/faepa\/wp-json\/wp\/v2\/posts"}],"about":[{"href":"https:\/\/sistemafaepa.com.br\/faepa\/wp-json\/wp\/v2\/types\/post"}],"author":[{"embeddable":true,"href":"https:\/\/sistemafaepa.com.br\/faepa\/wp-json\/wp\/v2\/users\/1"}],"replies":[{"embeddable":true,"href":"https:\/\/sistemafaepa.com.br\/faepa\/wp-json\/wp\/v2\/comments?post=1229"}],"version-history":[{"count":0,"href":"https:\/\/sistemafaepa.com.br\/faepa\/wp-json\/wp\/v2\/posts\/1229\/revisions"}],"wp:attachment":[{"href":"https:\/\/sistemafaepa.com.br\/faepa\/wp-json\/wp\/v2\/media?parent=1229"}],"wp:term":[{"taxonomy":"category","embeddable":true,"href":"https:\/\/sistemafaepa.com.br\/faepa\/wp-json\/wp\/v2\/categories?post=1229"},{"taxonomy":"post_tag","embeddable":true,"href":"https:\/\/sistemafaepa.com.br\/faepa\/wp-json\/wp\/v2\/tags?post=1229"}],"curies":[{"name":"wp","href":"https:\/\/api.w.org\/{rel}","templated":true}]}}