{"id":1217,"date":"2018-08-28T17:05:01","date_gmt":"2018-08-28T20:05:01","guid":{"rendered":"http:\/\/sistemafaepa.com.br\/faepa\/2018\/08\/28\/faepa-recebe-lancamento-da-i-expoceleiro\/"},"modified":"2018-08-28T17:05:01","modified_gmt":"2018-08-28T20:05:01","slug":"faepa-recebe-lancamento-da-i-expoceleiro","status":"publish","type":"post","link":"https:\/\/sistemafaepa.com.br\/faepa\/faepa-recebe-lancamento-da-i-expoceleiro\/","title":{"rendered":"Faepa recebe lan\u00e7amento da I Expoceleiro\u00a0"},"content":{"rendered":"<p><em>Evento acontece no dia 30, \u00e0s 9h, no Pal\u00e1cio da Agricultura<\/em><\/p>\n<p>Fomentar o agroneg\u00f3cio na Amaz\u00f4nia, na regi\u00e3o nordeste Paraense, por meio da realiza\u00e7\u00e3o de neg\u00f3cios, implementa\u00e7\u00e3o de tecnologia e profissionaliza\u00e7\u00e3o das propriedades\/empresas, valorizando a produ\u00e7\u00e3o local, o agroneg\u00f3cio e a agricultura familiar. Esse \u00e9 o objetivo da I Expoceleiro que ser\u00e1 lan\u00e7ada nesta quinta-feira, 30 de agosto, 9h, na sede do Sistema Faepa.<\/p>\n<p>Segundo os organizados, a I Expoceleiro quer tornar o local refer\u00eancia em agroneg\u00f3cios na regi\u00e3o, seja como produtor, disseminador de tecnologia e ponto de encontro entre empres\u00e1rios e parceiros.<\/p>\n<p>Atualmente O Celeiro, al\u00e9m de vender o que produz, ainda proporciona oportunidades para diversos produtores da regi\u00e3o venderem e divulgarem seus produtos.<\/p>\n<p>Em parceria com o Sistema Faepa, a comiss\u00e3o organizadora quer realizar um grande evento aonde os bons neg\u00f3cios produzam frutos para a regi\u00e3o.<\/p>\n","protected":false},"excerpt":{"rendered":"<p>Evento acontece no dia 30, \u00e0s 9h, no Pal\u00e1cio da Agricultura Fomentar o agroneg\u00f3cio na Amaz\u00f4nia, na regi\u00e3o nordeste Paraense, por meio da realiza\u00e7\u00e3o de neg\u00f3cios, implementa\u00e7\u00e3o de tecnologia e profissionaliza\u00e7\u00e3o das propriedades\/empresas, valorizando a produ\u00e7\u00e3o local, o agroneg\u00f3cio e a agricultura familiar. Esse \u00e9 o objetivo da I Expoceleiro que ser\u00e1 lan\u00e7ada nesta quinta-feira, [&hellip;]<\/p>\n","protected":false},"author":1,"featured_media":1218,"comment_status":"open","ping_status":"open","sticky":false,"template":"","format":"standard","meta":{"_et_pb_use_builder":"","_et_pb_old_content":"","_et_gb_content_width":"","footnotes":""},"categories":[1],"tags":[],"class_list":["post-1217","post","type-post","status-publish","format-standard","has-post-thumbnail","hentry","category-sem-categoria"],"_links":{"self":[{"href":"https:\/\/sistemafaepa.com.br\/faepa\/wp-json\/wp\/v2\/posts\/1217","targetHints":{"allow":["GET"]}}],"collection":[{"href":"https:\/\/sistemafaepa.com.br\/faepa\/wp-json\/wp\/v2\/posts"}],"about":[{"href":"https:\/\/sistemafaepa.com.br\/faepa\/wp-json\/wp\/v2\/types\/post"}],"author":[{"embeddable":true,"href":"https:\/\/sistemafaepa.com.br\/faepa\/wp-json\/wp\/v2\/users\/1"}],"replies":[{"embeddable":true,"href":"https:\/\/sistemafaepa.com.br\/faepa\/wp-json\/wp\/v2\/comments?post=1217"}],"version-history":[{"count":0,"href":"https:\/\/sistemafaepa.com.br\/faepa\/wp-json\/wp\/v2\/posts\/1217\/revisions"}],"wp:featuredmedia":[{"embeddable":true,"href":"https:\/\/sistemafaepa.com.br\/faepa\/wp-json\/"}],"wp:attachment":[{"href":"https:\/\/sistemafaepa.com.br\/faepa\/wp-json\/wp\/v2\/media?parent=1217"}],"wp:term":[{"taxonomy":"category","embeddable":true,"href":"https:\/\/sistemafaepa.com.br\/faepa\/wp-json\/wp\/v2\/categories?post=1217"},{"taxonomy":"post_tag","embeddable":true,"href":"https:\/\/sistemafaepa.com.br\/faepa\/wp-json\/wp\/v2\/tags?post=1217"}],"curies":[{"name":"wp","href":"https:\/\/api.w.org\/{rel}","templated":true}]}}