{"id":1214,"date":"2018-08-06T18:08:53","date_gmt":"2018-08-06T21:08:53","guid":{"rendered":"http:\/\/sistemafaepa.com.br\/faepa\/2018\/08\/06\/depois-de-uma-maratona-de-inovacao-jovens-apresentam-solucoes-para-desafios-do-agro-brasileiro\/"},"modified":"2018-08-06T18:08:53","modified_gmt":"2018-08-06T21:08:53","slug":"depois-de-uma-maratona-de-inovacao-jovens-apresentam-solucoes-para-desafios-do-agro-brasileiro","status":"publish","type":"post","link":"https:\/\/sistemafaepa.com.br\/faepa\/depois-de-uma-maratona-de-inovacao-jovens-apresentam-solucoes-para-desafios-do-agro-brasileiro\/","title":{"rendered":"Depois de uma maratona de inova\u00e7\u00e3o, jovens apresentam solu\u00e7\u00f5es para desafios do agro brasileiro"},"content":{"rendered":"<p class=\"rtejustify\">Depois de passarem o final de semana pensando em estrat\u00e9gias para beneficiar os produtores rurais, os participantes da Edi\u00e7\u00e3o Especial do Programa CNA Jovem apresentaram, no domingo (5), iniciativas inovadoras que poder\u00e3o ser implementadas para que a agropecu\u00e1ria brasileira continue avan\u00e7ando.<\/p>\n<p class=\"rtejustify\"><img loading=\"lazy\" decoding=\"async\" src=\"http:\/\/www.cnabrasil.org.br\/sites\/default\/files\/grupo_cna.jpg\" alt=\"\" width=\"600\" height=\"400\" \/><\/p>\n<p class=\"rtejustify\">Divididos em grupos, os 60 jovens atuaram em um processo de inova\u00e7\u00e3o para propor solu\u00e7\u00f5es para seis desafios priorit\u00e1rios definidos pela Confedera\u00e7\u00e3o da Agricultura e Pecu\u00e1ria do Brasil (CNA) e do Servi\u00e7o Nacional de Aprendizagem Rural (Senar).<\/p>\n<p class=\"rtejustify\">Para o desafio de atuar proativamente na busca de seguran\u00e7a jur\u00eddica, os jovens sugeriram o desenvolvimento de um aplicativo para facilitar o acesso \u00e0 legisla\u00e7\u00e3o.<\/p>\n<p class=\"rtejustify\"><img loading=\"lazy\" decoding=\"async\" src=\"http:\/\/www.cnabrasil.org.br\/sites\/default\/files\/edson_cna.jpg\" alt=\"\" width=\"600\" height=\"400\" \/><\/p>\n<p class=\"rtejustify\">\u201cEntendemos que a ferramenta permitir\u00e1 que o produtor entenda de uma maneira mais objetiva quais as barreiras do ordenamento jur\u00eddico brasileiro, que n\u00e3o se restringe apenas ao setor agropecu\u00e1rio, mas afeta toda a sociedade brasileira\u201d, afirmou Edson Colombo, representante de Santa Catarina, da primeira edi\u00e7\u00e3o do CNA Jovem.<\/p>\n<p class=\"rtejustify\">Diante do desafio de garantir a sustentabilidade econ\u00f4mica da propriedade, os jovens acreditam que \u00e9 importante desenvolver a\u00e7\u00f5es voltadas para a capta\u00e7\u00e3o de recursos financeiros e promover a legalidade da gest\u00e3o.<\/p>\n<p class=\"rtejustify\"><img loading=\"lazy\" decoding=\"async\" src=\"http:\/\/www.cnabrasil.org.br\/sites\/default\/files\/david_cna.jpg\" alt=\"\" width=\"600\" height=\"400\" \/><\/p>\n<p class=\"rtejustify\">\u201cAl\u00e9m disso, uma das solu\u00e7\u00f5es \u00e9 a cria\u00e7\u00e3o de um banco de dados de par\u00e2metro mercadol\u00f3gico de indicadores comparativo de gest\u00e3o\u201d, explicou o jovem David Schimdt, da Bahia, participante da primeira edi\u00e7\u00e3o do CNA Jovem.<\/p>\n<p class=\"rtejustify\"><img loading=\"lazy\" decoding=\"async\" src=\"http:\/\/www.cnabrasil.org.br\/sites\/default\/files\/izaura_cna.jpg\" alt=\"\" width=\"600\" height=\"400\" \/><\/p>\n<p class=\"rtejustify\">De acordo com a jovem Izaura Recy, repsentante do Rio Grande do Norte, a Edi\u00e7\u00e3o Especial do CNA Jovem foram dias intensos para a troca de experi\u00eancias.<br \/>\n\u201cMensurar a aplicabilidade dos conhecimentos obtidos nos cursos do Senar \u00e9 uma das solu\u00e7\u00f5es apresentadas para manter a propriedade atualizada em rela\u00e7\u00e3o a novas tecnologias\u201d declarou Izaura.<\/p>\n<p class=\"rtejustify\">Outro desafio lan\u00e7ado aos jovens foi a otimiza\u00e7\u00e3o da rela\u00e7\u00e3o entre os produtores rurais e a ind\u00fastria.<\/p>\n<p class=\"rtejustify\"><img loading=\"lazy\" decoding=\"async\" src=\"http:\/\/www.cnabrasil.org.br\/sites\/default\/files\/diogo_cna.jpg\" alt=\"\" width=\"600\" height=\"400\" \/><\/p>\n<p class=\"rtejustify\">O jovem Diogo Shcotten, representante de Santa Catarina, acredita na uni\u00e3o entre os representantes desses elos. \u201cO produtor rural precisa da ind\u00fastria para vender seu produto como a ind\u00fastria precisa da entidade rural para comercializar. A necessidade \u00e9 m\u00fatua\u201d, declarou.<\/p>\n<p class=\"rtejustify\">O di\u00e1logo aberto entre os produtores rurais e a sociedade para reposicionamento do setor agropecu\u00e1rio tamb\u00e9m \u00e9 tratado como desafio.<\/p>\n<p class=\"rtejustify\"><img loading=\"lazy\" decoding=\"async\" src=\"http:\/\/www.cnabrasil.org.br\/sites\/default\/files\/stephanie_cna.jpg\" alt=\"\" width=\"600\" height=\"400\" \/><\/p>\n<p class=\"rtejustify\">Para a jovem St\u00e9phanie Ferreira Vicente, representante de Mato Grosso do Sul, \u00e9 necess\u00e1rio informar melhor a sociedade sobre todos os benef\u00edcios gerados pelo setor agropecu\u00e1rio, que \u00e9 um dos pilares da economia brasileira. \u201cAcreditamos que a sensibiliza\u00e7\u00e3o dos sindicatos patronais por meio de parcerias estrat\u00e9gicas possibilitar\u00e1 a valoriza\u00e7\u00e3o da agropecu\u00e1ria por parte da sociedade\u201d, ponderou.<\/p>\n<p class=\"rtejustify\">As solu\u00e7\u00f5es propostas durante a Oficina de Inova\u00e7\u00e3o do CNA Jovem Edi\u00e7\u00e3o Especial ser\u00e3o apresentadas aos sindicatos rurais, produtores rurais e representantes das Federa\u00e7\u00f5es de Agricultura que participaram da etapa de levantamento de informa\u00e7\u00f5es em campo para que verifiquem se as inova\u00e7\u00f5es atendem aos desafios que enfrentam no campo.<\/p>\n","protected":false},"excerpt":{"rendered":"<p>Depois de passarem o final de semana pensando em estrat\u00e9gias para beneficiar os produtores rurais, os participantes da Edi\u00e7\u00e3o Especial do Programa CNA Jovem apresentaram, no domingo (5), iniciativas inovadoras que poder\u00e3o ser implementadas para que a agropecu\u00e1ria brasileira continue avan\u00e7ando. Divididos em grupos, os 60 jovens atuaram em um processo de inova\u00e7\u00e3o para propor [&hellip;]<\/p>\n","protected":false},"author":1,"featured_media":1215,"comment_status":"open","ping_status":"open","sticky":false,"template":"","format":"standard","meta":{"_et_pb_use_builder":"","_et_pb_old_content":"","_et_gb_content_width":"","footnotes":""},"categories":[1],"tags":[],"class_list":["post-1214","post","type-post","status-publish","format-standard","has-post-thumbnail","hentry","category-sem-categoria"],"_links":{"self":[{"href":"https:\/\/sistemafaepa.com.br\/faepa\/wp-json\/wp\/v2\/posts\/1214","targetHints":{"allow":["GET"]}}],"collection":[{"href":"https:\/\/sistemafaepa.com.br\/faepa\/wp-json\/wp\/v2\/posts"}],"about":[{"href":"https:\/\/sistemafaepa.com.br\/faepa\/wp-json\/wp\/v2\/types\/post"}],"author":[{"embeddable":true,"href":"https:\/\/sistemafaepa.com.br\/faepa\/wp-json\/wp\/v2\/users\/1"}],"replies":[{"embeddable":true,"href":"https:\/\/sistemafaepa.com.br\/faepa\/wp-json\/wp\/v2\/comments?post=1214"}],"version-history":[{"count":0,"href":"https:\/\/sistemafaepa.com.br\/faepa\/wp-json\/wp\/v2\/posts\/1214\/revisions"}],"wp:featuredmedia":[{"embeddable":true,"href":"https:\/\/sistemafaepa.com.br\/faepa\/wp-json\/"}],"wp:attachment":[{"href":"https:\/\/sistemafaepa.com.br\/faepa\/wp-json\/wp\/v2\/media?parent=1214"}],"wp:term":[{"taxonomy":"category","embeddable":true,"href":"https:\/\/sistemafaepa.com.br\/faepa\/wp-json\/wp\/v2\/categories?post=1214"},{"taxonomy":"post_tag","embeddable":true,"href":"https:\/\/sistemafaepa.com.br\/faepa\/wp-json\/wp\/v2\/tags?post=1214"}],"curies":[{"name":"wp","href":"https:\/\/api.w.org\/{rel}","templated":true}]}}